{"id":630,"date":"2014-07-20T17:26:35","date_gmt":"2014-07-20T15:26:35","guid":{"rendered":"http:\/\/www.haekelfieber.de\/wp-blog\/?p=630"},"modified":"2014-07-20T17:31:17","modified_gmt":"2014-07-20T15:31:17","slug":"von-amarenakirschen-sauerkirschmarmelade-und-einer-gehaekelten-marmeladenglashaube","status":"publish","type":"post","link":"https:\/\/www.haekelfieber.de\/wp-blog\/2014\/07\/von-amarenakirschen-sauerkirschmarmelade-und-einer-gehaekelten-marmeladenglashaube\/","title":{"rendered":"Von Amarenakirschen, Sauerkirschmarmelade und einer geh\u00e4kelten Marmeladenglashaube"},"content":{"rendered":"<p><a href=\"https:\/\/www.haekelfieber.de\/wp-blog\/wp-content\/uploads\/2014\/07\/geh\u00e4kelte-Marmeladenglashaube.jpg\"><img loading=\"lazy\" decoding=\"async\" class=\"aligncenter wp-image-623\" src=\"https:\/\/www.haekelfieber.de\/wp-blog\/wp-content\/uploads\/2014\/07\/geh\u00e4kelte-Marmeladenglashaube-768x1024.jpg\" alt=\"geh\u00e4kelte Marmeladenglashaube\" width=\"450\" height=\"600\" srcset=\"https:\/\/www.haekelfieber.de\/wp-blog\/wp-content\/uploads\/2014\/07\/geh\u00e4kelte-Marmeladenglashaube-768x1024.jpg 768w, https:\/\/www.haekelfieber.de\/wp-blog\/wp-content\/uploads\/2014\/07\/geh\u00e4kelte-Marmeladenglashaube-225x300.jpg 225w, https:\/\/www.haekelfieber.de\/wp-blog\/wp-content\/uploads\/2014\/07\/geh\u00e4kelte-Marmeladenglashaube.jpg 1200w\" sizes=\"auto, (max-width: 450px) 100vw, 450px\" \/><\/a><br \/>\n<a href=\"https:\/\/www.haekelfieber.de\/wp-blog\/wp-content\/uploads\/2014\/07\/2014-07-20-11.03.21.jpg\"><img loading=\"lazy\" decoding=\"async\" class=\"aligncenter wp-image-629\" src=\"https:\/\/www.haekelfieber.de\/wp-blog\/wp-content\/uploads\/2014\/07\/2014-07-20-11.03.21-768x1024.jpg\" alt=\"2014-07-20 11.03.21\" width=\"450\" height=\"600\" srcset=\"https:\/\/www.haekelfieber.de\/wp-blog\/wp-content\/uploads\/2014\/07\/2014-07-20-11.03.21-768x1024.jpg 768w, https:\/\/www.haekelfieber.de\/wp-blog\/wp-content\/uploads\/2014\/07\/2014-07-20-11.03.21-225x300.jpg 225w, https:\/\/www.haekelfieber.de\/wp-blog\/wp-content\/uploads\/2014\/07\/2014-07-20-11.03.21.jpg 1200w\" sizes=\"auto, (max-width: 450px) 100vw, 450px\" \/><\/a><br \/>\nUnsere Sauerkirschb\u00e4ume h\u00e4ngen \u00fcber und \u00fcber voll. Heute haben mein G\u00f6ttergatte und ich angefangen mit Ernten und Verarbeiten. Eine schwei\u00dftreibende Angelegenheit. Wir haben uns die Arbeit geteilt: Mann erntet und entsteint, Frau hantiert mit Alkoholflaschen und T\u00f6pfen \ud83d\ude42 in der K\u00fcche.<\/p>\n<p><a href=\"https:\/\/www.haekelfieber.de\/wp-blog\/wp-content\/uploads\/2014\/07\/2014-07-20-11.38.41.jpg\"><img loading=\"lazy\" decoding=\"async\" class=\"aligncenter wp-image-628\" src=\"https:\/\/www.haekelfieber.de\/wp-blog\/wp-content\/uploads\/2014\/07\/2014-07-20-11.38.41-768x1024.jpg\" alt=\"2014-07-20 11.38.41\" width=\"450\" height=\"600\" srcset=\"https:\/\/www.haekelfieber.de\/wp-blog\/wp-content\/uploads\/2014\/07\/2014-07-20-11.38.41-768x1024.jpg 768w, https:\/\/www.haekelfieber.de\/wp-blog\/wp-content\/uploads\/2014\/07\/2014-07-20-11.38.41-225x300.jpg 225w, https:\/\/www.haekelfieber.de\/wp-blog\/wp-content\/uploads\/2014\/07\/2014-07-20-11.38.41.jpg 1200w\" sizes=\"auto, (max-width: 450px) 100vw, 450px\" \/><\/a><br \/>\nMann hat draussen entsteint. So hielt sich das &#8222;Gesaue&#8220; in Grenzen \ud83d\ude42<\/p>\n<p><a href=\"https:\/\/www.haekelfieber.de\/wp-blog\/wp-content\/uploads\/2014\/07\/Amarenakirschen-2.jpg\"><img loading=\"lazy\" decoding=\"async\" class=\"aligncenter wp-image-626\" src=\"https:\/\/www.haekelfieber.de\/wp-blog\/wp-content\/uploads\/2014\/07\/Amarenakirschen-2-768x1024.jpg\" alt=\"Amarenakirschen (2)\" width=\"450\" height=\"600\" srcset=\"https:\/\/www.haekelfieber.de\/wp-blog\/wp-content\/uploads\/2014\/07\/Amarenakirschen-2-768x1024.jpg 768w, https:\/\/www.haekelfieber.de\/wp-blog\/wp-content\/uploads\/2014\/07\/Amarenakirschen-2-225x300.jpg 225w, https:\/\/www.haekelfieber.de\/wp-blog\/wp-content\/uploads\/2014\/07\/Amarenakirschen-2.jpg 1200w\" sizes=\"auto, (max-width: 450px) 100vw, 450px\" \/><\/a><br \/>\nZuerst hab ich entkernte Sauerkirschen in &#8222;Schn\u00e4ppes&#8220; eingelegt.<br \/>\nRezept f\u00fcr Amarenakirschen im 1,5l Glas: (Ich nenn euch die Zutaten, genaue Mengenangaben kann ich euch leider nicht geben, weil ich einfach nach meinem Gef\u00fchl gehe)<\/p>\n<ul style=\"list-style-type: circle;\">\n<li>Entsteinte Sauerkirschen<\/li>\n<li>2\/3 Amaretto<\/li>\n<li>1\/3 Rum<\/li>\n<li>Zucker ca. 250-300g<\/li>\n<li>1 Sternanis<\/li>\n<li>4 Nelken<\/li>\n<li>1-2 Zimtstangen<\/li>\n<li>St\u00fcck Zitronenschale<\/li>\n<\/ul>\n<p><a href=\"https:\/\/www.haekelfieber.de\/wp-blog\/wp-content\/uploads\/2014\/07\/2014-07-20-11.45.18.jpg\"><img loading=\"lazy\" decoding=\"async\" class=\"aligncenter wp-image-627\" src=\"https:\/\/www.haekelfieber.de\/wp-blog\/wp-content\/uploads\/2014\/07\/2014-07-20-11.45.18-768x1024.jpg\" alt=\"2014-07-20 11.45.18\" width=\"450\" height=\"600\" srcset=\"https:\/\/www.haekelfieber.de\/wp-blog\/wp-content\/uploads\/2014\/07\/2014-07-20-11.45.18-768x1024.jpg 768w, https:\/\/www.haekelfieber.de\/wp-blog\/wp-content\/uploads\/2014\/07\/2014-07-20-11.45.18-225x300.jpg 225w, https:\/\/www.haekelfieber.de\/wp-blog\/wp-content\/uploads\/2014\/07\/2014-07-20-11.45.18.jpg 1200w\" sizes=\"auto, (max-width: 450px) 100vw, 450px\" \/><\/a><br \/>\nAlles in ein verschlie\u00dfbares Glas f\u00fcllen und ca. 4-5 Wochen ziehen lassen. Wenn m\u00f6glich, k\u00fchl und dunkel lagern. Alle paar Tage mal umr\u00fchren. Ich mach das die ersten 2-3 Wochen, dann nicht mehr. Die fertigen Amarenakirschen misch&#8216; ich gern&#8216; unter Naturjoghurt &#8211; mmmh!<br \/>\nZu Eis gegessen &#8211; lecker!<br \/>\nIhr k\u00f6nnt sie auch zum Backen verwenden.<\/p>\n<p><a href=\"https:\/\/www.haekelfieber.de\/wp-blog\/wp-content\/uploads\/2014\/07\/Amarenakirschen.jpg\"><img loading=\"lazy\" decoding=\"async\" class=\"aligncenter wp-image-625\" src=\"https:\/\/www.haekelfieber.de\/wp-blog\/wp-content\/uploads\/2014\/07\/Amarenakirschen-1024x768.jpg\" alt=\"Amarenakirschen\" width=\"450\" height=\"338\" srcset=\"https:\/\/www.haekelfieber.de\/wp-blog\/wp-content\/uploads\/2014\/07\/Amarenakirschen-1024x768.jpg 1024w, https:\/\/www.haekelfieber.de\/wp-blog\/wp-content\/uploads\/2014\/07\/Amarenakirschen-300x225.jpg 300w, https:\/\/www.haekelfieber.de\/wp-blog\/wp-content\/uploads\/2014\/07\/Amarenakirschen.jpg 1600w\" sizes=\"auto, (max-width: 450px) 100vw, 450px\" \/><\/a><br \/>\nWie ihr seht: Bei mir wurden es drei Gl\u00e4ser. D\u00fcrften bis n\u00e4chstes Jahr reichen. Hoffentlich! Da kommt mir grade so ein Gedanke. Vielleicht sollte ich nochmal welche machen \ud83d\ude09<\/p>\n<p><a href=\"https:\/\/www.haekelfieber.de\/wp-blog\/wp-content\/uploads\/2014\/07\/2014-07-20-12.19.54.jpg\"><img loading=\"lazy\" decoding=\"async\" class=\"aligncenter wp-image-624\" src=\"https:\/\/www.haekelfieber.de\/wp-blog\/wp-content\/uploads\/2014\/07\/2014-07-20-12.19.54-768x1024.jpg\" alt=\"2014-07-20 12.19.54\" width=\"450\" height=\"600\" srcset=\"https:\/\/www.haekelfieber.de\/wp-blog\/wp-content\/uploads\/2014\/07\/2014-07-20-12.19.54-768x1024.jpg 768w, https:\/\/www.haekelfieber.de\/wp-blog\/wp-content\/uploads\/2014\/07\/2014-07-20-12.19.54-225x300.jpg 225w, https:\/\/www.haekelfieber.de\/wp-blog\/wp-content\/uploads\/2014\/07\/2014-07-20-12.19.54.jpg 1200w\" sizes=\"auto, (max-width: 450px) 100vw, 450px\" \/><\/a><br \/>\nIch finde es immer ganz gut wenn die Gl\u00e4ser datiert sind. Und wenn&#8217;s so ein sch\u00f6nes Etikett ist, dann freut es mich um so mehr!<\/p>\n<p>Aus den restlichen Kirschen habe ich noch Marmelade gekocht. Den Saft der angeschnittenen Zitrone und einen guten Schu\u00df Amaretto rein &#8211; l\u00e4\u00e4\u00e4\u00e4cker.<\/p>\n<p><a href=\"https:\/\/www.haekelfieber.de\/wp-blog\/wp-content\/uploads\/2014\/07\/geh\u00e4kelte-Marmeladenglashaube-4.jpg\"><img loading=\"lazy\" decoding=\"async\" class=\"aligncenter wp-image-622\" src=\"https:\/\/www.haekelfieber.de\/wp-blog\/wp-content\/uploads\/2014\/07\/geh\u00e4kelte-Marmeladenglashaube-4-768x1024.jpg\" alt=\"geh\u00e4kelte Marmeladenglashaube (4)\" width=\"450\" height=\"600\" srcset=\"https:\/\/www.haekelfieber.de\/wp-blog\/wp-content\/uploads\/2014\/07\/geh\u00e4kelte-Marmeladenglashaube-4-768x1024.jpg 768w, https:\/\/www.haekelfieber.de\/wp-blog\/wp-content\/uploads\/2014\/07\/geh\u00e4kelte-Marmeladenglashaube-4-225x300.jpg 225w, https:\/\/www.haekelfieber.de\/wp-blog\/wp-content\/uploads\/2014\/07\/geh\u00e4kelte-Marmeladenglashaube-4.jpg 1200w\" sizes=\"auto, (max-width: 450px) 100vw, 450px\" \/><\/a><br \/>\nObendrauf noch ne Haube geh\u00e4kelt.<\/p>\n<p><a href=\"https:\/\/www.haekelfieber.de\/wp-blog\/wp-content\/uploads\/2014\/07\/geh\u00e4kelte-Marmeladenglashaube-3.jpg\"><img loading=\"lazy\" decoding=\"async\" class=\"aligncenter wp-image-621\" src=\"https:\/\/www.haekelfieber.de\/wp-blog\/wp-content\/uploads\/2014\/07\/geh\u00e4kelte-Marmeladenglashaube-3-768x1024.jpg\" alt=\"geh\u00e4kelte Marmeladenglashaube (3)\" width=\"450\" height=\"600\" srcset=\"https:\/\/www.haekelfieber.de\/wp-blog\/wp-content\/uploads\/2014\/07\/geh\u00e4kelte-Marmeladenglashaube-3-768x1024.jpg 768w, https:\/\/www.haekelfieber.de\/wp-blog\/wp-content\/uploads\/2014\/07\/geh\u00e4kelte-Marmeladenglashaube-3-225x300.jpg 225w, https:\/\/www.haekelfieber.de\/wp-blog\/wp-content\/uploads\/2014\/07\/geh\u00e4kelte-Marmeladenglashaube-3.jpg 1200w\" sizes=\"auto, (max-width: 450px) 100vw, 450px\" \/><\/a><\/p>\n<p><a href=\"https:\/\/www.haekelfieber.de\/wp-blog\/wp-content\/uploads\/2014\/07\/geh\u00e4kelte-Marmeladenglashaube-2.jpg\"><img loading=\"lazy\" decoding=\"async\" class=\"aligncenter wp-image-620\" src=\"https:\/\/www.haekelfieber.de\/wp-blog\/wp-content\/uploads\/2014\/07\/geh\u00e4kelte-Marmeladenglashaube-2-768x1024.jpg\" alt=\"geh\u00e4kelte Marmeladenglashaube (2)\" width=\"450\" height=\"600\" srcset=\"https:\/\/www.haekelfieber.de\/wp-blog\/wp-content\/uploads\/2014\/07\/geh\u00e4kelte-Marmeladenglashaube-2-768x1024.jpg 768w, https:\/\/www.haekelfieber.de\/wp-blog\/wp-content\/uploads\/2014\/07\/geh\u00e4kelte-Marmeladenglashaube-2-225x300.jpg 225w, https:\/\/www.haekelfieber.de\/wp-blog\/wp-content\/uploads\/2014\/07\/geh\u00e4kelte-Marmeladenglashaube-2.jpg 1200w\" sizes=\"auto, (max-width: 450px) 100vw, 450px\" \/><\/a><\/p>\n<p><a href=\"https:\/\/www.haekelfieber.de\/wp-blog\/wp-content\/uploads\/2014\/07\/geh\u00e4kelte-Marmeladenglashaube-1.jpg\"><img loading=\"lazy\" decoding=\"async\" class=\"aligncenter wp-image-619\" src=\"https:\/\/www.haekelfieber.de\/wp-blog\/wp-content\/uploads\/2014\/07\/geh\u00e4kelte-Marmeladenglashaube-1-768x1024.jpg\" alt=\"geh\u00e4kelte Marmeladenglashaube (1)\" width=\"450\" height=\"600\" srcset=\"https:\/\/www.haekelfieber.de\/wp-blog\/wp-content\/uploads\/2014\/07\/geh\u00e4kelte-Marmeladenglashaube-1-768x1024.jpg 768w, https:\/\/www.haekelfieber.de\/wp-blog\/wp-content\/uploads\/2014\/07\/geh\u00e4kelte-Marmeladenglashaube-1-225x300.jpg 225w, https:\/\/www.haekelfieber.de\/wp-blog\/wp-content\/uploads\/2014\/07\/geh\u00e4kelte-Marmeladenglashaube-1.jpg 1200w\" sizes=\"auto, (max-width: 450px) 100vw, 450px\" \/><\/a><br \/>\nSo. Und jetzt wird gefaulenzt \ud83d\ude42<\/p>\n","protected":false},"excerpt":{"rendered":"<p>Unsere Sauerkirschb\u00e4ume h\u00e4ngen \u00fcber und \u00fcber voll. Heute haben mein G\u00f6ttergatte und ich angefangen mit Ernten und Verarbeiten. Eine schwei\u00dftreibende Angelegenheit. Wir haben uns die Arbeit geteilt: Mann erntet und entsteint, Frau hantiert mit Alkoholflaschen und T\u00f6pfen \ud83d\ude42 in der K\u00fcche. Mann hat draussen entsteint. So hielt sich das &#8222;Gesaue&#8220; in Grenzen \ud83d\ude42 Zuerst hab &hellip; <a href=\"https:\/\/www.haekelfieber.de\/wp-blog\/2014\/07\/von-amarenakirschen-sauerkirschmarmelade-und-einer-gehaekelten-marmeladenglashaube\/\" class=\"more-link\"><span class=\"screen-reader-text\">Von Amarenakirschen, Sauerkirschmarmelade und einer geh\u00e4kelten Marmeladenglashaube<\/span> weiterlesen <span class=\"meta-nav\">&rarr;<\/span><\/a><\/p>\n","protected":false},"author":1,"featured_media":0,"comment_status":"open","ping_status":"open","sticky":false,"template":"","format":"standard","meta":{"footnotes":""},"categories":[9,5],"tags":[],"class_list":["post-630","post","type-post","status-publish","format-standard","hentry","category-allerlei-nuetzliches","category-haekeln"],"yoast_head":"<!-- This site is optimized with the Yoast SEO plugin v27.4 - https:\/\/yoast.com\/product\/yoast-seo-wordpress\/ -->\n<title>Von Amarenakirschen, Sauerkirschmarmelade und einer geh\u00e4kelten Marmeladenglashaube - H\u00e4kelfieber<\/title>\n<meta name=\"robots\" content=\"index, follow, max-snippet:-1, max-image-preview:large, max-video-preview:-1\" \/>\n<link rel=\"canonical\" href=\"https:\/\/www.haekelfieber.de\/wp-blog\/2014\/07\/von-amarenakirschen-sauerkirschmarmelade-und-einer-gehaekelten-marmeladenglashaube\/\" \/>\n<meta property=\"og:locale\" content=\"de_DE\" \/>\n<meta property=\"og:type\" content=\"article\" \/>\n<meta property=\"og:title\" content=\"Von Amarenakirschen, Sauerkirschmarmelade und einer geh\u00e4kelten Marmeladenglashaube - H\u00e4kelfieber\" \/>\n<meta property=\"og:description\" content=\"Unsere Sauerkirschb\u00e4ume h\u00e4ngen \u00fcber und \u00fcber voll. Heute haben mein G\u00f6ttergatte und ich angefangen mit Ernten und Verarbeiten. Eine schwei\u00dftreibende Angelegenheit. Wir haben uns die Arbeit geteilt: Mann erntet und entsteint, Frau hantiert mit Alkoholflaschen und T\u00f6pfen \ud83d\ude42 in der K\u00fcche. Mann hat draussen entsteint. So hielt sich das &#8222;Gesaue&#8220; in Grenzen \ud83d\ude42 Zuerst hab &hellip; Von Amarenakirschen, Sauerkirschmarmelade und einer geh\u00e4kelten Marmeladenglashaube weiterlesen &rarr;\" \/>\n<meta property=\"og:url\" content=\"https:\/\/www.haekelfieber.de\/wp-blog\/2014\/07\/von-amarenakirschen-sauerkirschmarmelade-und-einer-gehaekelten-marmeladenglashaube\/\" \/>\n<meta property=\"og:site_name\" content=\"H\u00e4kelfieber\" \/>\n<meta property=\"article:published_time\" content=\"2014-07-20T15:26:35+00:00\" \/>\n<meta property=\"article:modified_time\" content=\"2014-07-20T15:31:17+00:00\" \/>\n<meta property=\"og:image\" content=\"https:\/\/www.haekelfieber.de\/wp-blog\/wp-content\/uploads\/2014\/07\/geh\u00e4kelte-Marmeladenglashaube-768x1024.jpg\" \/>\n<meta name=\"author\" content=\"Jutta\" \/>\n<meta name=\"twitter:label1\" content=\"Verfasst von\" \/>\n\t<meta name=\"twitter:data1\" content=\"Jutta\" \/>\n\t<meta name=\"twitter:label2\" content=\"Gesch\u00e4tzte Lesezeit\" \/>\n\t<meta name=\"twitter:data2\" content=\"1\u00a0Minute\" \/>\n<script type=\"application\/ld+json\" class=\"yoast-schema-graph\">{\"@context\":\"https:\\\/\\\/schema.org\",\"@graph\":[{\"@type\":\"Article\",\"@id\":\"https:\\\/\\\/www.haekelfieber.de\\\/wp-blog\\\/2014\\\/07\\\/von-amarenakirschen-sauerkirschmarmelade-und-einer-gehaekelten-marmeladenglashaube\\\/#article\",\"isPartOf\":{\"@id\":\"https:\\\/\\\/www.haekelfieber.de\\\/wp-blog\\\/2014\\\/07\\\/von-amarenakirschen-sauerkirschmarmelade-und-einer-gehaekelten-marmeladenglashaube\\\/\"},\"author\":{\"name\":\"Jutta\",\"@id\":\"https:\\\/\\\/www.haekelfieber.de\\\/wp-blog\\\/#\\\/schema\\\/person\\\/08b81f8e0d3480519aadc66881dee8d7\"},\"headline\":\"Von Amarenakirschen, Sauerkirschmarmelade und einer geh\u00e4kelten Marmeladenglashaube\",\"datePublished\":\"2014-07-20T15:26:35+00:00\",\"dateModified\":\"2014-07-20T15:31:17+00:00\",\"mainEntityOfPage\":{\"@id\":\"https:\\\/\\\/www.haekelfieber.de\\\/wp-blog\\\/2014\\\/07\\\/von-amarenakirschen-sauerkirschmarmelade-und-einer-gehaekelten-marmeladenglashaube\\\/\"},\"wordCount\":271,\"commentCount\":0,\"publisher\":{\"@id\":\"https:\\\/\\\/www.haekelfieber.de\\\/wp-blog\\\/#organization\"},\"image\":{\"@id\":\"https:\\\/\\\/www.haekelfieber.de\\\/wp-blog\\\/2014\\\/07\\\/von-amarenakirschen-sauerkirschmarmelade-und-einer-gehaekelten-marmeladenglashaube\\\/#primaryimage\"},\"thumbnailUrl\":\"https:\\\/\\\/www.haekelfieber.de\\\/wp-blog\\\/wp-content\\\/uploads\\\/2014\\\/07\\\/2014-07-20-11.03.21-768x1024.jpg\",\"articleSection\":[\"Allerlei N\u00fctzliches\",\"H\u00e4keln\"],\"inLanguage\":\"de\",\"potentialAction\":[{\"@type\":\"CommentAction\",\"name\":\"Comment\",\"target\":[\"https:\\\/\\\/www.haekelfieber.de\\\/wp-blog\\\/2014\\\/07\\\/von-amarenakirschen-sauerkirschmarmelade-und-einer-gehaekelten-marmeladenglashaube\\\/#respond\"]}]},{\"@type\":\"WebPage\",\"@id\":\"https:\\\/\\\/www.haekelfieber.de\\\/wp-blog\\\/2014\\\/07\\\/von-amarenakirschen-sauerkirschmarmelade-und-einer-gehaekelten-marmeladenglashaube\\\/\",\"url\":\"https:\\\/\\\/www.haekelfieber.de\\\/wp-blog\\\/2014\\\/07\\\/von-amarenakirschen-sauerkirschmarmelade-und-einer-gehaekelten-marmeladenglashaube\\\/\",\"name\":\"Von Amarenakirschen, Sauerkirschmarmelade und einer geh\u00e4kelten Marmeladenglashaube - H\u00e4kelfieber\",\"isPartOf\":{\"@id\":\"https:\\\/\\\/www.haekelfieber.de\\\/wp-blog\\\/#website\"},\"primaryImageOfPage\":{\"@id\":\"https:\\\/\\\/www.haekelfieber.de\\\/wp-blog\\\/2014\\\/07\\\/von-amarenakirschen-sauerkirschmarmelade-und-einer-gehaekelten-marmeladenglashaube\\\/#primaryimage\"},\"image\":{\"@id\":\"https:\\\/\\\/www.haekelfieber.de\\\/wp-blog\\\/2014\\\/07\\\/von-amarenakirschen-sauerkirschmarmelade-und-einer-gehaekelten-marmeladenglashaube\\\/#primaryimage\"},\"thumbnailUrl\":\"https:\\\/\\\/www.haekelfieber.de\\\/wp-blog\\\/wp-content\\\/uploads\\\/2014\\\/07\\\/2014-07-20-11.03.21-768x1024.jpg\",\"datePublished\":\"2014-07-20T15:26:35+00:00\",\"dateModified\":\"2014-07-20T15:31:17+00:00\",\"breadcrumb\":{\"@id\":\"https:\\\/\\\/www.haekelfieber.de\\\/wp-blog\\\/2014\\\/07\\\/von-amarenakirschen-sauerkirschmarmelade-und-einer-gehaekelten-marmeladenglashaube\\\/#breadcrumb\"},\"inLanguage\":\"de\",\"potentialAction\":[{\"@type\":\"ReadAction\",\"target\":[\"https:\\\/\\\/www.haekelfieber.de\\\/wp-blog\\\/2014\\\/07\\\/von-amarenakirschen-sauerkirschmarmelade-und-einer-gehaekelten-marmeladenglashaube\\\/\"]}]},{\"@type\":\"ImageObject\",\"inLanguage\":\"de\",\"@id\":\"https:\\\/\\\/www.haekelfieber.de\\\/wp-blog\\\/2014\\\/07\\\/von-amarenakirschen-sauerkirschmarmelade-und-einer-gehaekelten-marmeladenglashaube\\\/#primaryimage\",\"url\":\"https:\\\/\\\/www.haekelfieber.de\\\/wp-blog\\\/wp-content\\\/uploads\\\/2014\\\/07\\\/2014-07-20-11.03.21.jpg\",\"contentUrl\":\"https:\\\/\\\/www.haekelfieber.de\\\/wp-blog\\\/wp-content\\\/uploads\\\/2014\\\/07\\\/2014-07-20-11.03.21.jpg\",\"width\":1200,\"height\":1600},{\"@type\":\"BreadcrumbList\",\"@id\":\"https:\\\/\\\/www.haekelfieber.de\\\/wp-blog\\\/2014\\\/07\\\/von-amarenakirschen-sauerkirschmarmelade-und-einer-gehaekelten-marmeladenglashaube\\\/#breadcrumb\",\"itemListElement\":[{\"@type\":\"ListItem\",\"position\":1,\"name\":\"Home\",\"item\":\"https:\\\/\\\/www.haekelfieber.de\\\/wp-blog\\\/\"},{\"@type\":\"ListItem\",\"position\":2,\"name\":\"Von Amarenakirschen, Sauerkirschmarmelade und einer geh\u00e4kelten Marmeladenglashaube\"}]},{\"@type\":\"WebSite\",\"@id\":\"https:\\\/\\\/www.haekelfieber.de\\\/wp-blog\\\/#website\",\"url\":\"https:\\\/\\\/www.haekelfieber.de\\\/wp-blog\\\/\",\"name\":\"H\u00e4kelfieber\",\"description\":\"Ich bin im...\",\"publisher\":{\"@id\":\"https:\\\/\\\/www.haekelfieber.de\\\/wp-blog\\\/#organization\"},\"potentialAction\":[{\"@type\":\"SearchAction\",\"target\":{\"@type\":\"EntryPoint\",\"urlTemplate\":\"https:\\\/\\\/www.haekelfieber.de\\\/wp-blog\\\/?s={search_term_string}\"},\"query-input\":{\"@type\":\"PropertyValueSpecification\",\"valueRequired\":true,\"valueName\":\"search_term_string\"}}],\"inLanguage\":\"de\"},{\"@type\":\"Organization\",\"@id\":\"https:\\\/\\\/www.haekelfieber.de\\\/wp-blog\\\/#organization\",\"name\":\"H\u00e4kelfieber\",\"url\":\"https:\\\/\\\/www.haekelfieber.de\\\/wp-blog\\\/\",\"logo\":{\"@type\":\"ImageObject\",\"inLanguage\":\"de\",\"@id\":\"https:\\\/\\\/www.haekelfieber.de\\\/wp-blog\\\/#\\\/schema\\\/logo\\\/image\\\/\",\"url\":\"https:\\\/\\\/www.haekelfieber.de\\\/wp-blog\\\/wp-content\\\/uploads\\\/2023\\\/03\\\/kissen-haekeln2.jpg\",\"contentUrl\":\"https:\\\/\\\/www.haekelfieber.de\\\/wp-blog\\\/wp-content\\\/uploads\\\/2023\\\/03\\\/kissen-haekeln2.jpg\",\"width\":683,\"height\":1024,\"caption\":\"H\u00e4kelfieber\"},\"image\":{\"@id\":\"https:\\\/\\\/www.haekelfieber.de\\\/wp-blog\\\/#\\\/schema\\\/logo\\\/image\\\/\"}},{\"@type\":\"Person\",\"@id\":\"https:\\\/\\\/www.haekelfieber.de\\\/wp-blog\\\/#\\\/schema\\\/person\\\/08b81f8e0d3480519aadc66881dee8d7\",\"name\":\"Jutta\",\"image\":{\"@type\":\"ImageObject\",\"inLanguage\":\"de\",\"@id\":\"https:\\\/\\\/secure.gravatar.com\\\/avatar\\\/4fb96a09981d3eab52fd94765c38a5395ca69a563a8cd98c172ef85375636d9d?s=96&d=mm&r=g\",\"url\":\"https:\\\/\\\/secure.gravatar.com\\\/avatar\\\/4fb96a09981d3eab52fd94765c38a5395ca69a563a8cd98c172ef85375636d9d?s=96&d=mm&r=g\",\"contentUrl\":\"https:\\\/\\\/secure.gravatar.com\\\/avatar\\\/4fb96a09981d3eab52fd94765c38a5395ca69a563a8cd98c172ef85375636d9d?s=96&d=mm&r=g\",\"caption\":\"Jutta\"},\"url\":\"https:\\\/\\\/www.haekelfieber.de\\\/wp-blog\\\/author\\\/admin\\\/\"}]}<\/script>\n<!-- \/ Yoast SEO plugin. -->","yoast_head_json":{"title":"Von Amarenakirschen, Sauerkirschmarmelade und einer geh\u00e4kelten Marmeladenglashaube - H\u00e4kelfieber","robots":{"index":"index","follow":"follow","max-snippet":"max-snippet:-1","max-image-preview":"max-image-preview:large","max-video-preview":"max-video-preview:-1"},"canonical":"https:\/\/www.haekelfieber.de\/wp-blog\/2014\/07\/von-amarenakirschen-sauerkirschmarmelade-und-einer-gehaekelten-marmeladenglashaube\/","og_locale":"de_DE","og_type":"article","og_title":"Von Amarenakirschen, Sauerkirschmarmelade und einer geh\u00e4kelten Marmeladenglashaube - H\u00e4kelfieber","og_description":"Unsere Sauerkirschb\u00e4ume h\u00e4ngen \u00fcber und \u00fcber voll. Heute haben mein G\u00f6ttergatte und ich angefangen mit Ernten und Verarbeiten. Eine schwei\u00dftreibende Angelegenheit. Wir haben uns die Arbeit geteilt: Mann erntet und entsteint, Frau hantiert mit Alkoholflaschen und T\u00f6pfen \ud83d\ude42 in der K\u00fcche. Mann hat draussen entsteint. So hielt sich das &#8222;Gesaue&#8220; in Grenzen \ud83d\ude42 Zuerst hab &hellip; Von Amarenakirschen, Sauerkirschmarmelade und einer geh\u00e4kelten Marmeladenglashaube weiterlesen &rarr;","og_url":"https:\/\/www.haekelfieber.de\/wp-blog\/2014\/07\/von-amarenakirschen-sauerkirschmarmelade-und-einer-gehaekelten-marmeladenglashaube\/","og_site_name":"H\u00e4kelfieber","article_published_time":"2014-07-20T15:26:35+00:00","article_modified_time":"2014-07-20T15:31:17+00:00","og_image":[{"url":"https:\/\/www.haekelfieber.de\/wp-blog\/wp-content\/uploads\/2014\/07\/geh\u00e4kelte-Marmeladenglashaube-768x1024.jpg","type":"","width":"","height":""}],"author":"Jutta","twitter_misc":{"Verfasst von":"Jutta","Gesch\u00e4tzte Lesezeit":"1\u00a0Minute"},"schema":{"@context":"https:\/\/schema.org","@graph":[{"@type":"Article","@id":"https:\/\/www.haekelfieber.de\/wp-blog\/2014\/07\/von-amarenakirschen-sauerkirschmarmelade-und-einer-gehaekelten-marmeladenglashaube\/#article","isPartOf":{"@id":"https:\/\/www.haekelfieber.de\/wp-blog\/2014\/07\/von-amarenakirschen-sauerkirschmarmelade-und-einer-gehaekelten-marmeladenglashaube\/"},"author":{"name":"Jutta","@id":"https:\/\/www.haekelfieber.de\/wp-blog\/#\/schema\/person\/08b81f8e0d3480519aadc66881dee8d7"},"headline":"Von Amarenakirschen, Sauerkirschmarmelade und einer geh\u00e4kelten Marmeladenglashaube","datePublished":"2014-07-20T15:26:35+00:00","dateModified":"2014-07-20T15:31:17+00:00","mainEntityOfPage":{"@id":"https:\/\/www.haekelfieber.de\/wp-blog\/2014\/07\/von-amarenakirschen-sauerkirschmarmelade-und-einer-gehaekelten-marmeladenglashaube\/"},"wordCount":271,"commentCount":0,"publisher":{"@id":"https:\/\/www.haekelfieber.de\/wp-blog\/#organization"},"image":{"@id":"https:\/\/www.haekelfieber.de\/wp-blog\/2014\/07\/von-amarenakirschen-sauerkirschmarmelade-und-einer-gehaekelten-marmeladenglashaube\/#primaryimage"},"thumbnailUrl":"https:\/\/www.haekelfieber.de\/wp-blog\/wp-content\/uploads\/2014\/07\/2014-07-20-11.03.21-768x1024.jpg","articleSection":["Allerlei N\u00fctzliches","H\u00e4keln"],"inLanguage":"de","potentialAction":[{"@type":"CommentAction","name":"Comment","target":["https:\/\/www.haekelfieber.de\/wp-blog\/2014\/07\/von-amarenakirschen-sauerkirschmarmelade-und-einer-gehaekelten-marmeladenglashaube\/#respond"]}]},{"@type":"WebPage","@id":"https:\/\/www.haekelfieber.de\/wp-blog\/2014\/07\/von-amarenakirschen-sauerkirschmarmelade-und-einer-gehaekelten-marmeladenglashaube\/","url":"https:\/\/www.haekelfieber.de\/wp-blog\/2014\/07\/von-amarenakirschen-sauerkirschmarmelade-und-einer-gehaekelten-marmeladenglashaube\/","name":"Von Amarenakirschen, Sauerkirschmarmelade und einer geh\u00e4kelten Marmeladenglashaube - H\u00e4kelfieber","isPartOf":{"@id":"https:\/\/www.haekelfieber.de\/wp-blog\/#website"},"primaryImageOfPage":{"@id":"https:\/\/www.haekelfieber.de\/wp-blog\/2014\/07\/von-amarenakirschen-sauerkirschmarmelade-und-einer-gehaekelten-marmeladenglashaube\/#primaryimage"},"image":{"@id":"https:\/\/www.haekelfieber.de\/wp-blog\/2014\/07\/von-amarenakirschen-sauerkirschmarmelade-und-einer-gehaekelten-marmeladenglashaube\/#primaryimage"},"thumbnailUrl":"https:\/\/www.haekelfieber.de\/wp-blog\/wp-content\/uploads\/2014\/07\/2014-07-20-11.03.21-768x1024.jpg","datePublished":"2014-07-20T15:26:35+00:00","dateModified":"2014-07-20T15:31:17+00:00","breadcrumb":{"@id":"https:\/\/www.haekelfieber.de\/wp-blog\/2014\/07\/von-amarenakirschen-sauerkirschmarmelade-und-einer-gehaekelten-marmeladenglashaube\/#breadcrumb"},"inLanguage":"de","potentialAction":[{"@type":"ReadAction","target":["https:\/\/www.haekelfieber.de\/wp-blog\/2014\/07\/von-amarenakirschen-sauerkirschmarmelade-und-einer-gehaekelten-marmeladenglashaube\/"]}]},{"@type":"ImageObject","inLanguage":"de","@id":"https:\/\/www.haekelfieber.de\/wp-blog\/2014\/07\/von-amarenakirschen-sauerkirschmarmelade-und-einer-gehaekelten-marmeladenglashaube\/#primaryimage","url":"https:\/\/www.haekelfieber.de\/wp-blog\/wp-content\/uploads\/2014\/07\/2014-07-20-11.03.21.jpg","contentUrl":"https:\/\/www.haekelfieber.de\/wp-blog\/wp-content\/uploads\/2014\/07\/2014-07-20-11.03.21.jpg","width":1200,"height":1600},{"@type":"BreadcrumbList","@id":"https:\/\/www.haekelfieber.de\/wp-blog\/2014\/07\/von-amarenakirschen-sauerkirschmarmelade-und-einer-gehaekelten-marmeladenglashaube\/#breadcrumb","itemListElement":[{"@type":"ListItem","position":1,"name":"Home","item":"https:\/\/www.haekelfieber.de\/wp-blog\/"},{"@type":"ListItem","position":2,"name":"Von Amarenakirschen, Sauerkirschmarmelade und einer geh\u00e4kelten Marmeladenglashaube"}]},{"@type":"WebSite","@id":"https:\/\/www.haekelfieber.de\/wp-blog\/#website","url":"https:\/\/www.haekelfieber.de\/wp-blog\/","name":"H\u00e4kelfieber","description":"Ich bin im...","publisher":{"@id":"https:\/\/www.haekelfieber.de\/wp-blog\/#organization"},"potentialAction":[{"@type":"SearchAction","target":{"@type":"EntryPoint","urlTemplate":"https:\/\/www.haekelfieber.de\/wp-blog\/?s={search_term_string}"},"query-input":{"@type":"PropertyValueSpecification","valueRequired":true,"valueName":"search_term_string"}}],"inLanguage":"de"},{"@type":"Organization","@id":"https:\/\/www.haekelfieber.de\/wp-blog\/#organization","name":"H\u00e4kelfieber","url":"https:\/\/www.haekelfieber.de\/wp-blog\/","logo":{"@type":"ImageObject","inLanguage":"de","@id":"https:\/\/www.haekelfieber.de\/wp-blog\/#\/schema\/logo\/image\/","url":"https:\/\/www.haekelfieber.de\/wp-blog\/wp-content\/uploads\/2023\/03\/kissen-haekeln2.jpg","contentUrl":"https:\/\/www.haekelfieber.de\/wp-blog\/wp-content\/uploads\/2023\/03\/kissen-haekeln2.jpg","width":683,"height":1024,"caption":"H\u00e4kelfieber"},"image":{"@id":"https:\/\/www.haekelfieber.de\/wp-blog\/#\/schema\/logo\/image\/"}},{"@type":"Person","@id":"https:\/\/www.haekelfieber.de\/wp-blog\/#\/schema\/person\/08b81f8e0d3480519aadc66881dee8d7","name":"Jutta","image":{"@type":"ImageObject","inLanguage":"de","@id":"https:\/\/secure.gravatar.com\/avatar\/4fb96a09981d3eab52fd94765c38a5395ca69a563a8cd98c172ef85375636d9d?s=96&d=mm&r=g","url":"https:\/\/secure.gravatar.com\/avatar\/4fb96a09981d3eab52fd94765c38a5395ca69a563a8cd98c172ef85375636d9d?s=96&d=mm&r=g","contentUrl":"https:\/\/secure.gravatar.com\/avatar\/4fb96a09981d3eab52fd94765c38a5395ca69a563a8cd98c172ef85375636d9d?s=96&d=mm&r=g","caption":"Jutta"},"url":"https:\/\/www.haekelfieber.de\/wp-blog\/author\/admin\/"}]}},"_links":{"self":[{"href":"https:\/\/www.haekelfieber.de\/wp-blog\/wp-json\/wp\/v2\/posts\/630","targetHints":{"allow":["GET"]}}],"collection":[{"href":"https:\/\/www.haekelfieber.de\/wp-blog\/wp-json\/wp\/v2\/posts"}],"about":[{"href":"https:\/\/www.haekelfieber.de\/wp-blog\/wp-json\/wp\/v2\/types\/post"}],"author":[{"embeddable":true,"href":"https:\/\/www.haekelfieber.de\/wp-blog\/wp-json\/wp\/v2\/users\/1"}],"replies":[{"embeddable":true,"href":"https:\/\/www.haekelfieber.de\/wp-blog\/wp-json\/wp\/v2\/comments?post=630"}],"version-history":[{"count":5,"href":"https:\/\/www.haekelfieber.de\/wp-blog\/wp-json\/wp\/v2\/posts\/630\/revisions"}],"predecessor-version":[{"id":635,"href":"https:\/\/www.haekelfieber.de\/wp-blog\/wp-json\/wp\/v2\/posts\/630\/revisions\/635"}],"wp:attachment":[{"href":"https:\/\/www.haekelfieber.de\/wp-blog\/wp-json\/wp\/v2\/media?parent=630"}],"wp:term":[{"taxonomy":"category","embeddable":true,"href":"https:\/\/www.haekelfieber.de\/wp-blog\/wp-json\/wp\/v2\/categories?post=630"},{"taxonomy":"post_tag","embeddable":true,"href":"https:\/\/www.haekelfieber.de\/wp-blog\/wp-json\/wp\/v2\/tags?post=630"}],"curies":[{"name":"wp","href":"https:\/\/api.w.org\/{rel}","templated":true}]}}