{"id":6630,"date":"2017-05-30T18:33:46","date_gmt":"2017-05-30T16:33:46","guid":{"rendered":"http:\/\/www.haekelfieber.de\/wp-blog\/?p=6630"},"modified":"2017-05-30T18:33:46","modified_gmt":"2017-05-30T16:33:46","slug":"gelungene-integration","status":"publish","type":"post","link":"https:\/\/www.haekelfieber.de\/wp-blog\/2017\/05\/gelungene-integration\/","title":{"rendered":"Gelungene Integration"},"content":{"rendered":"<p><img loading=\"lazy\" decoding=\"async\" class=\"aligncenter size-large wp-image-6632\" src=\"https:\/\/www.haekelfieber.de\/wp-blog\/wp-content\/uploads\/2017\/05\/wohnen-einrichtung-1-400x600.jpg\" alt=\"\" width=\"400\" height=\"600\" srcset=\"https:\/\/www.haekelfieber.de\/wp-blog\/wp-content\/uploads\/2017\/05\/wohnen-einrichtung-1-400x600.jpg 400w, https:\/\/www.haekelfieber.de\/wp-blog\/wp-content\/uploads\/2017\/05\/wohnen-einrichtung-1-200x300.jpg 200w, https:\/\/www.haekelfieber.de\/wp-blog\/wp-content\/uploads\/2017\/05\/wohnen-einrichtung-1.jpg 600w\" sizes=\"auto, (max-width: 400px) 100vw, 400px\" \/><\/p>\n<p>Ganz banal verwende ich die \u00dcberschrift, um euch einen Blumenstrau\u00df aus dem Garten zu pr\u00e4sentieren. Blumen, nicht \u00fcberreicht, sondern einfach in der Vase und Integration?<br \/>\nDarf man diesen Wortsachverhalt f\u00fcr so\u00a0 profanes, bodennahes Gr\u00fcnzeug verwenden? Ich sag mal: &#8222;Ja!&#8220;. Handarbeitstante darf das! Ups! Handarbeitstante, Handarbeitsmutti, Strickliesel&#8230;<br \/>\nHm, sehr sehr fragw\u00fcrdige Bezeichnungen f\u00fcr handarbeitende Menschen im Freizeitbereich. W\u00e4re &#8222;creative nonprofit wool assistant&#8220; besser oder &#8222;Handmaderin&#8220;? DIY-Beauftragte? Da lasse ich heute aber keinen Fettnapf aus.<br \/>\nOke. Ich versuche ein gewisses Ma\u00df an &#8222;political correctness&#8220; in mein Gebrabbel zu bringen. War das jetzt schon wieder zu hoch gegriffen?! Handarbeitsblog und politic&#8230;<br \/>\nAber jetzt: In meinem Garten w\u00e4chst alles, was in der Vase zu sehen ist. Storchschnabel, Schnittlauch (inzwischen wundersch\u00f6n bl\u00fchend), halbwilde Margeriten und Giersch. Letzterer ist vielen als Unkraut&#8230; &#8211; \u00fcps &#8211; Fettnapfalarm! Ich meinte &#8222;Wildkraut&#8220; bekannt. Wildes\u00a0 und kultiviertes vertr\u00e4gt sich wunderbar, so rein optisch.<br \/>\nDamit diese Integration so gut flutscht, bedarf es regulierender Ma\u00dfnahmen. Jeder bekommt ausreichend Lebensraum, keiner lebt auf Kosten der anderen oder macht sich \u00fcberm\u00e4\u00dfig breit.<\/p>\n<p><img loading=\"lazy\" decoding=\"async\" class=\"aligncenter size-large wp-image-6634\" src=\"https:\/\/www.haekelfieber.de\/wp-blog\/wp-content\/uploads\/2017\/05\/wohnen-einrichtung-3-400x600.jpg\" alt=\"\" width=\"400\" height=\"600\" srcset=\"https:\/\/www.haekelfieber.de\/wp-blog\/wp-content\/uploads\/2017\/05\/wohnen-einrichtung-3-400x600.jpg 400w, https:\/\/www.haekelfieber.de\/wp-blog\/wp-content\/uploads\/2017\/05\/wohnen-einrichtung-3-200x300.jpg 200w, https:\/\/www.haekelfieber.de\/wp-blog\/wp-content\/uploads\/2017\/05\/wohnen-einrichtung-3.jpg 600w\" sizes=\"auto, (max-width: 400px) 100vw, 400px\" \/><br \/>\nIch bin die Integrationbeauftragte in meinem Garten. Meistens gelingt es mir. Manchmal \u00fcbersehe ich auch etwas. Kann passieren. So kleine, unkrauttechnische Grenz\u00fcberschreitungen h\u00e4lt das Gesamtgartengef\u00fcge schon aus. W\u00fcrde man jetzt allerdings einen gartentechnisch total kontr\u00e4r gepolten Mitmenschen hinsichtlich meiner &#8222;gelungenen Integration&#8220; befragen, w\u00fcrde sein Urteil vernichtend ausfallen: Versagt, aber so was von total.<\/p>\n<p><img loading=\"lazy\" decoding=\"async\" class=\"aligncenter size-large wp-image-6633\" src=\"https:\/\/www.haekelfieber.de\/wp-blog\/wp-content\/uploads\/2017\/05\/wohnen-einrichtung-2-400x600.jpg\" alt=\"\" width=\"400\" height=\"600\" srcset=\"https:\/\/www.haekelfieber.de\/wp-blog\/wp-content\/uploads\/2017\/05\/wohnen-einrichtung-2-400x600.jpg 400w, https:\/\/www.haekelfieber.de\/wp-blog\/wp-content\/uploads\/2017\/05\/wohnen-einrichtung-2-200x300.jpg 200w, https:\/\/www.haekelfieber.de\/wp-blog\/wp-content\/uploads\/2017\/05\/wohnen-einrichtung-2.jpg 600w\" sizes=\"auto, (max-width: 400px) 100vw, 400px\" \/><br \/>\n<img loading=\"lazy\" decoding=\"async\" class=\"aligncenter size-large wp-image-6635\" src=\"https:\/\/www.haekelfieber.de\/wp-blog\/wp-content\/uploads\/2017\/05\/wohnen-einrichtung-4-400x600.jpg\" alt=\"\" width=\"400\" height=\"600\" srcset=\"https:\/\/www.haekelfieber.de\/wp-blog\/wp-content\/uploads\/2017\/05\/wohnen-einrichtung-4-400x600.jpg 400w, https:\/\/www.haekelfieber.de\/wp-blog\/wp-content\/uploads\/2017\/05\/wohnen-einrichtung-4-200x300.jpg 200w, https:\/\/www.haekelfieber.de\/wp-blog\/wp-content\/uploads\/2017\/05\/wohnen-einrichtung-4.jpg 600w\" sizes=\"auto, (max-width: 400px) 100vw, 400px\" \/><br \/>\nKann es je im gro\u00dfen Gef\u00fcge klappen mit einem einigerma\u00dfen harmonischen Miteinander, wenn es sich im &#8222;Vorgarten&#8220; schon nicht zusammengeht?<br \/>\nIch sag mal ja. Denn sieht dieses Blumenarrangement nicht bezaubernd aus. Und die ollen Bilderrahmen, mit den von meiner H\u00e4keltantenwenigkeit ausgeschnittenen Bildchen aus dem Kunstkalender, integrieren sich doch auch ganz wunderbar in das Ganze?<br \/>\nJetzt m\u00fcsst ihr alle vor dem PC laut &#8222;ja&#8220; rufen. Wer &#8222;nein&#8220; sagt ist&#8230;<br \/>\nUps, da k\u00f6nnte ich ein weiteres &#8222;weites Feld&#8220; mit vielen Fettnapfkomponenten er\u00f6ffnen \ud83d\ude42<\/p>\n<p><img loading=\"lazy\" decoding=\"async\" class=\"aligncenter size-large wp-image-6636\" src=\"https:\/\/www.haekelfieber.de\/wp-blog\/wp-content\/uploads\/2017\/05\/wohnen-einrichtung-5-400x600.jpg\" alt=\"\" width=\"400\" height=\"600\" srcset=\"https:\/\/www.haekelfieber.de\/wp-blog\/wp-content\/uploads\/2017\/05\/wohnen-einrichtung-5-400x600.jpg 400w, https:\/\/www.haekelfieber.de\/wp-blog\/wp-content\/uploads\/2017\/05\/wohnen-einrichtung-5-200x300.jpg 200w, https:\/\/www.haekelfieber.de\/wp-blog\/wp-content\/uploads\/2017\/05\/wohnen-einrichtung-5.jpg 600w\" sizes=\"auto, (max-width: 400px) 100vw, 400px\" \/><\/p>\n","protected":false},"excerpt":{"rendered":"<p>Ganz banal verwende ich die \u00dcberschrift, um euch einen Blumenstrau\u00df aus dem Garten zu pr\u00e4sentieren. Blumen, nicht \u00fcberreicht, sondern einfach in der Vase und Integration? Darf man diesen Wortsachverhalt f\u00fcr so\u00a0 profanes, bodennahes Gr\u00fcnzeug verwenden? Ich sag mal: &#8222;Ja!&#8220;. Handarbeitstante darf das! Ups! Handarbeitstante, Handarbeitsmutti, Strickliesel&#8230; Hm, sehr sehr fragw\u00fcrdige Bezeichnungen f\u00fcr handarbeitende Menschen im &hellip; <a href=\"https:\/\/www.haekelfieber.de\/wp-blog\/2017\/05\/gelungene-integration\/\" class=\"more-link\"><span class=\"screen-reader-text\">Gelungene Integration<\/span> weiterlesen <span class=\"meta-nav\">&rarr;<\/span><\/a><\/p>\n","protected":false},"author":1,"featured_media":0,"comment_status":"open","ping_status":"open","sticky":false,"template":"","format":"standard","meta":{"footnotes":""},"categories":[10,1,16],"tags":[],"class_list":["post-6630","post","type-post","status-publish","format-standard","hentry","category-die-natur","category-manch-anderes","category-wohnen"],"yoast_head":"<!-- This site is optimized with the Yoast SEO plugin v27.4 - https:\/\/yoast.com\/product\/yoast-seo-wordpress\/ -->\n<title>Gelungene Integration - H\u00e4kelfieber<\/title>\n<meta name=\"robots\" content=\"index, follow, max-snippet:-1, max-image-preview:large, max-video-preview:-1\" \/>\n<link rel=\"canonical\" href=\"https:\/\/www.haekelfieber.de\/wp-blog\/2017\/05\/gelungene-integration\/\" \/>\n<meta property=\"og:locale\" content=\"de_DE\" \/>\n<meta property=\"og:type\" content=\"article\" \/>\n<meta property=\"og:title\" content=\"Gelungene Integration - H\u00e4kelfieber\" \/>\n<meta property=\"og:description\" content=\"Ganz banal verwende ich die \u00dcberschrift, um euch einen Blumenstrau\u00df aus dem Garten zu pr\u00e4sentieren. Blumen, nicht \u00fcberreicht, sondern einfach in der Vase und Integration? Darf man diesen Wortsachverhalt f\u00fcr so\u00a0 profanes, bodennahes Gr\u00fcnzeug verwenden? Ich sag mal: &#8222;Ja!&#8220;. Handarbeitstante darf das! Ups! Handarbeitstante, Handarbeitsmutti, Strickliesel&#8230; Hm, sehr sehr fragw\u00fcrdige Bezeichnungen f\u00fcr handarbeitende Menschen im &hellip; Gelungene Integration weiterlesen &rarr;\" \/>\n<meta property=\"og:url\" content=\"https:\/\/www.haekelfieber.de\/wp-blog\/2017\/05\/gelungene-integration\/\" \/>\n<meta property=\"og:site_name\" content=\"H\u00e4kelfieber\" \/>\n<meta property=\"article:published_time\" content=\"2017-05-30T16:33:46+00:00\" \/>\n<meta property=\"og:image\" content=\"https:\/\/www.haekelfieber.de\/wp-blog\/wp-content\/uploads\/2017\/05\/wohnen-einrichtung-1-400x600.jpg\" \/>\n<meta name=\"author\" content=\"Jutta\" \/>\n<meta name=\"twitter:label1\" content=\"Verfasst von\" \/>\n\t<meta name=\"twitter:data1\" content=\"Jutta\" \/>\n\t<meta name=\"twitter:label2\" content=\"Gesch\u00e4tzte Lesezeit\" \/>\n\t<meta name=\"twitter:data2\" content=\"2\u00a0Minuten\" \/>\n<script type=\"application\/ld+json\" class=\"yoast-schema-graph\">{\"@context\":\"https:\\\/\\\/schema.org\",\"@graph\":[{\"@type\":\"Article\",\"@id\":\"https:\\\/\\\/www.haekelfieber.de\\\/wp-blog\\\/2017\\\/05\\\/gelungene-integration\\\/#article\",\"isPartOf\":{\"@id\":\"https:\\\/\\\/www.haekelfieber.de\\\/wp-blog\\\/2017\\\/05\\\/gelungene-integration\\\/\"},\"author\":{\"name\":\"Jutta\",\"@id\":\"https:\\\/\\\/www.haekelfieber.de\\\/wp-blog\\\/#\\\/schema\\\/person\\\/08b81f8e0d3480519aadc66881dee8d7\"},\"headline\":\"Gelungene Integration\",\"datePublished\":\"2017-05-30T16:33:46+00:00\",\"mainEntityOfPage\":{\"@id\":\"https:\\\/\\\/www.haekelfieber.de\\\/wp-blog\\\/2017\\\/05\\\/gelungene-integration\\\/\"},\"wordCount\":328,\"commentCount\":3,\"publisher\":{\"@id\":\"https:\\\/\\\/www.haekelfieber.de\\\/wp-blog\\\/#organization\"},\"image\":{\"@id\":\"https:\\\/\\\/www.haekelfieber.de\\\/wp-blog\\\/2017\\\/05\\\/gelungene-integration\\\/#primaryimage\"},\"thumbnailUrl\":\"https:\\\/\\\/www.haekelfieber.de\\\/wp-blog\\\/wp-content\\\/uploads\\\/2017\\\/05\\\/wohnen-einrichtung-1-400x600.jpg\",\"articleSection\":[\"Die Natur\",\"Manch anderes\",\"Wohnen\"],\"inLanguage\":\"de\",\"potentialAction\":[{\"@type\":\"CommentAction\",\"name\":\"Comment\",\"target\":[\"https:\\\/\\\/www.haekelfieber.de\\\/wp-blog\\\/2017\\\/05\\\/gelungene-integration\\\/#respond\"]}]},{\"@type\":\"WebPage\",\"@id\":\"https:\\\/\\\/www.haekelfieber.de\\\/wp-blog\\\/2017\\\/05\\\/gelungene-integration\\\/\",\"url\":\"https:\\\/\\\/www.haekelfieber.de\\\/wp-blog\\\/2017\\\/05\\\/gelungene-integration\\\/\",\"name\":\"Gelungene Integration - H\u00e4kelfieber\",\"isPartOf\":{\"@id\":\"https:\\\/\\\/www.haekelfieber.de\\\/wp-blog\\\/#website\"},\"primaryImageOfPage\":{\"@id\":\"https:\\\/\\\/www.haekelfieber.de\\\/wp-blog\\\/2017\\\/05\\\/gelungene-integration\\\/#primaryimage\"},\"image\":{\"@id\":\"https:\\\/\\\/www.haekelfieber.de\\\/wp-blog\\\/2017\\\/05\\\/gelungene-integration\\\/#primaryimage\"},\"thumbnailUrl\":\"https:\\\/\\\/www.haekelfieber.de\\\/wp-blog\\\/wp-content\\\/uploads\\\/2017\\\/05\\\/wohnen-einrichtung-1-400x600.jpg\",\"datePublished\":\"2017-05-30T16:33:46+00:00\",\"breadcrumb\":{\"@id\":\"https:\\\/\\\/www.haekelfieber.de\\\/wp-blog\\\/2017\\\/05\\\/gelungene-integration\\\/#breadcrumb\"},\"inLanguage\":\"de\",\"potentialAction\":[{\"@type\":\"ReadAction\",\"target\":[\"https:\\\/\\\/www.haekelfieber.de\\\/wp-blog\\\/2017\\\/05\\\/gelungene-integration\\\/\"]}]},{\"@type\":\"ImageObject\",\"inLanguage\":\"de\",\"@id\":\"https:\\\/\\\/www.haekelfieber.de\\\/wp-blog\\\/2017\\\/05\\\/gelungene-integration\\\/#primaryimage\",\"url\":\"https:\\\/\\\/www.haekelfieber.de\\\/wp-blog\\\/wp-content\\\/uploads\\\/2017\\\/05\\\/wohnen-einrichtung-1.jpg\",\"contentUrl\":\"https:\\\/\\\/www.haekelfieber.de\\\/wp-blog\\\/wp-content\\\/uploads\\\/2017\\\/05\\\/wohnen-einrichtung-1.jpg\",\"width\":600,\"height\":900},{\"@type\":\"BreadcrumbList\",\"@id\":\"https:\\\/\\\/www.haekelfieber.de\\\/wp-blog\\\/2017\\\/05\\\/gelungene-integration\\\/#breadcrumb\",\"itemListElement\":[{\"@type\":\"ListItem\",\"position\":1,\"name\":\"Home\",\"item\":\"https:\\\/\\\/www.haekelfieber.de\\\/wp-blog\\\/\"},{\"@type\":\"ListItem\",\"position\":2,\"name\":\"Gelungene Integration\"}]},{\"@type\":\"WebSite\",\"@id\":\"https:\\\/\\\/www.haekelfieber.de\\\/wp-blog\\\/#website\",\"url\":\"https:\\\/\\\/www.haekelfieber.de\\\/wp-blog\\\/\",\"name\":\"H\u00e4kelfieber\",\"description\":\"Ich bin im...\",\"publisher\":{\"@id\":\"https:\\\/\\\/www.haekelfieber.de\\\/wp-blog\\\/#organization\"},\"potentialAction\":[{\"@type\":\"SearchAction\",\"target\":{\"@type\":\"EntryPoint\",\"urlTemplate\":\"https:\\\/\\\/www.haekelfieber.de\\\/wp-blog\\\/?s={search_term_string}\"},\"query-input\":{\"@type\":\"PropertyValueSpecification\",\"valueRequired\":true,\"valueName\":\"search_term_string\"}}],\"inLanguage\":\"de\"},{\"@type\":\"Organization\",\"@id\":\"https:\\\/\\\/www.haekelfieber.de\\\/wp-blog\\\/#organization\",\"name\":\"H\u00e4kelfieber\",\"url\":\"https:\\\/\\\/www.haekelfieber.de\\\/wp-blog\\\/\",\"logo\":{\"@type\":\"ImageObject\",\"inLanguage\":\"de\",\"@id\":\"https:\\\/\\\/www.haekelfieber.de\\\/wp-blog\\\/#\\\/schema\\\/logo\\\/image\\\/\",\"url\":\"https:\\\/\\\/www.haekelfieber.de\\\/wp-blog\\\/wp-content\\\/uploads\\\/2023\\\/03\\\/kissen-haekeln2.jpg\",\"contentUrl\":\"https:\\\/\\\/www.haekelfieber.de\\\/wp-blog\\\/wp-content\\\/uploads\\\/2023\\\/03\\\/kissen-haekeln2.jpg\",\"width\":683,\"height\":1024,\"caption\":\"H\u00e4kelfieber\"},\"image\":{\"@id\":\"https:\\\/\\\/www.haekelfieber.de\\\/wp-blog\\\/#\\\/schema\\\/logo\\\/image\\\/\"}},{\"@type\":\"Person\",\"@id\":\"https:\\\/\\\/www.haekelfieber.de\\\/wp-blog\\\/#\\\/schema\\\/person\\\/08b81f8e0d3480519aadc66881dee8d7\",\"name\":\"Jutta\",\"image\":{\"@type\":\"ImageObject\",\"inLanguage\":\"de\",\"@id\":\"https:\\\/\\\/secure.gravatar.com\\\/avatar\\\/4fb96a09981d3eab52fd94765c38a5395ca69a563a8cd98c172ef85375636d9d?s=96&d=mm&r=g\",\"url\":\"https:\\\/\\\/secure.gravatar.com\\\/avatar\\\/4fb96a09981d3eab52fd94765c38a5395ca69a563a8cd98c172ef85375636d9d?s=96&d=mm&r=g\",\"contentUrl\":\"https:\\\/\\\/secure.gravatar.com\\\/avatar\\\/4fb96a09981d3eab52fd94765c38a5395ca69a563a8cd98c172ef85375636d9d?s=96&d=mm&r=g\",\"caption\":\"Jutta\"},\"url\":\"https:\\\/\\\/www.haekelfieber.de\\\/wp-blog\\\/author\\\/admin\\\/\"}]}<\/script>\n<!-- \/ Yoast SEO plugin. -->","yoast_head_json":{"title":"Gelungene Integration - H\u00e4kelfieber","robots":{"index":"index","follow":"follow","max-snippet":"max-snippet:-1","max-image-preview":"max-image-preview:large","max-video-preview":"max-video-preview:-1"},"canonical":"https:\/\/www.haekelfieber.de\/wp-blog\/2017\/05\/gelungene-integration\/","og_locale":"de_DE","og_type":"article","og_title":"Gelungene Integration - H\u00e4kelfieber","og_description":"Ganz banal verwende ich die \u00dcberschrift, um euch einen Blumenstrau\u00df aus dem Garten zu pr\u00e4sentieren. Blumen, nicht \u00fcberreicht, sondern einfach in der Vase und Integration? Darf man diesen Wortsachverhalt f\u00fcr so\u00a0 profanes, bodennahes Gr\u00fcnzeug verwenden? Ich sag mal: &#8222;Ja!&#8220;. Handarbeitstante darf das! Ups! Handarbeitstante, Handarbeitsmutti, Strickliesel&#8230; Hm, sehr sehr fragw\u00fcrdige Bezeichnungen f\u00fcr handarbeitende Menschen im &hellip; Gelungene Integration weiterlesen &rarr;","og_url":"https:\/\/www.haekelfieber.de\/wp-blog\/2017\/05\/gelungene-integration\/","og_site_name":"H\u00e4kelfieber","article_published_time":"2017-05-30T16:33:46+00:00","og_image":[{"url":"https:\/\/www.haekelfieber.de\/wp-blog\/wp-content\/uploads\/2017\/05\/wohnen-einrichtung-1-400x600.jpg","type":"","width":"","height":""}],"author":"Jutta","twitter_misc":{"Verfasst von":"Jutta","Gesch\u00e4tzte Lesezeit":"2\u00a0Minuten"},"schema":{"@context":"https:\/\/schema.org","@graph":[{"@type":"Article","@id":"https:\/\/www.haekelfieber.de\/wp-blog\/2017\/05\/gelungene-integration\/#article","isPartOf":{"@id":"https:\/\/www.haekelfieber.de\/wp-blog\/2017\/05\/gelungene-integration\/"},"author":{"name":"Jutta","@id":"https:\/\/www.haekelfieber.de\/wp-blog\/#\/schema\/person\/08b81f8e0d3480519aadc66881dee8d7"},"headline":"Gelungene Integration","datePublished":"2017-05-30T16:33:46+00:00","mainEntityOfPage":{"@id":"https:\/\/www.haekelfieber.de\/wp-blog\/2017\/05\/gelungene-integration\/"},"wordCount":328,"commentCount":3,"publisher":{"@id":"https:\/\/www.haekelfieber.de\/wp-blog\/#organization"},"image":{"@id":"https:\/\/www.haekelfieber.de\/wp-blog\/2017\/05\/gelungene-integration\/#primaryimage"},"thumbnailUrl":"https:\/\/www.haekelfieber.de\/wp-blog\/wp-content\/uploads\/2017\/05\/wohnen-einrichtung-1-400x600.jpg","articleSection":["Die Natur","Manch anderes","Wohnen"],"inLanguage":"de","potentialAction":[{"@type":"CommentAction","name":"Comment","target":["https:\/\/www.haekelfieber.de\/wp-blog\/2017\/05\/gelungene-integration\/#respond"]}]},{"@type":"WebPage","@id":"https:\/\/www.haekelfieber.de\/wp-blog\/2017\/05\/gelungene-integration\/","url":"https:\/\/www.haekelfieber.de\/wp-blog\/2017\/05\/gelungene-integration\/","name":"Gelungene Integration - H\u00e4kelfieber","isPartOf":{"@id":"https:\/\/www.haekelfieber.de\/wp-blog\/#website"},"primaryImageOfPage":{"@id":"https:\/\/www.haekelfieber.de\/wp-blog\/2017\/05\/gelungene-integration\/#primaryimage"},"image":{"@id":"https:\/\/www.haekelfieber.de\/wp-blog\/2017\/05\/gelungene-integration\/#primaryimage"},"thumbnailUrl":"https:\/\/www.haekelfieber.de\/wp-blog\/wp-content\/uploads\/2017\/05\/wohnen-einrichtung-1-400x600.jpg","datePublished":"2017-05-30T16:33:46+00:00","breadcrumb":{"@id":"https:\/\/www.haekelfieber.de\/wp-blog\/2017\/05\/gelungene-integration\/#breadcrumb"},"inLanguage":"de","potentialAction":[{"@type":"ReadAction","target":["https:\/\/www.haekelfieber.de\/wp-blog\/2017\/05\/gelungene-integration\/"]}]},{"@type":"ImageObject","inLanguage":"de","@id":"https:\/\/www.haekelfieber.de\/wp-blog\/2017\/05\/gelungene-integration\/#primaryimage","url":"https:\/\/www.haekelfieber.de\/wp-blog\/wp-content\/uploads\/2017\/05\/wohnen-einrichtung-1.jpg","contentUrl":"https:\/\/www.haekelfieber.de\/wp-blog\/wp-content\/uploads\/2017\/05\/wohnen-einrichtung-1.jpg","width":600,"height":900},{"@type":"BreadcrumbList","@id":"https:\/\/www.haekelfieber.de\/wp-blog\/2017\/05\/gelungene-integration\/#breadcrumb","itemListElement":[{"@type":"ListItem","position":1,"name":"Home","item":"https:\/\/www.haekelfieber.de\/wp-blog\/"},{"@type":"ListItem","position":2,"name":"Gelungene Integration"}]},{"@type":"WebSite","@id":"https:\/\/www.haekelfieber.de\/wp-blog\/#website","url":"https:\/\/www.haekelfieber.de\/wp-blog\/","name":"H\u00e4kelfieber","description":"Ich bin im...","publisher":{"@id":"https:\/\/www.haekelfieber.de\/wp-blog\/#organization"},"potentialAction":[{"@type":"SearchAction","target":{"@type":"EntryPoint","urlTemplate":"https:\/\/www.haekelfieber.de\/wp-blog\/?s={search_term_string}"},"query-input":{"@type":"PropertyValueSpecification","valueRequired":true,"valueName":"search_term_string"}}],"inLanguage":"de"},{"@type":"Organization","@id":"https:\/\/www.haekelfieber.de\/wp-blog\/#organization","name":"H\u00e4kelfieber","url":"https:\/\/www.haekelfieber.de\/wp-blog\/","logo":{"@type":"ImageObject","inLanguage":"de","@id":"https:\/\/www.haekelfieber.de\/wp-blog\/#\/schema\/logo\/image\/","url":"https:\/\/www.haekelfieber.de\/wp-blog\/wp-content\/uploads\/2023\/03\/kissen-haekeln2.jpg","contentUrl":"https:\/\/www.haekelfieber.de\/wp-blog\/wp-content\/uploads\/2023\/03\/kissen-haekeln2.jpg","width":683,"height":1024,"caption":"H\u00e4kelfieber"},"image":{"@id":"https:\/\/www.haekelfieber.de\/wp-blog\/#\/schema\/logo\/image\/"}},{"@type":"Person","@id":"https:\/\/www.haekelfieber.de\/wp-blog\/#\/schema\/person\/08b81f8e0d3480519aadc66881dee8d7","name":"Jutta","image":{"@type":"ImageObject","inLanguage":"de","@id":"https:\/\/secure.gravatar.com\/avatar\/4fb96a09981d3eab52fd94765c38a5395ca69a563a8cd98c172ef85375636d9d?s=96&d=mm&r=g","url":"https:\/\/secure.gravatar.com\/avatar\/4fb96a09981d3eab52fd94765c38a5395ca69a563a8cd98c172ef85375636d9d?s=96&d=mm&r=g","contentUrl":"https:\/\/secure.gravatar.com\/avatar\/4fb96a09981d3eab52fd94765c38a5395ca69a563a8cd98c172ef85375636d9d?s=96&d=mm&r=g","caption":"Jutta"},"url":"https:\/\/www.haekelfieber.de\/wp-blog\/author\/admin\/"}]}},"_links":{"self":[{"href":"https:\/\/www.haekelfieber.de\/wp-blog\/wp-json\/wp\/v2\/posts\/6630","targetHints":{"allow":["GET"]}}],"collection":[{"href":"https:\/\/www.haekelfieber.de\/wp-blog\/wp-json\/wp\/v2\/posts"}],"about":[{"href":"https:\/\/www.haekelfieber.de\/wp-blog\/wp-json\/wp\/v2\/types\/post"}],"author":[{"embeddable":true,"href":"https:\/\/www.haekelfieber.de\/wp-blog\/wp-json\/wp\/v2\/users\/1"}],"replies":[{"embeddable":true,"href":"https:\/\/www.haekelfieber.de\/wp-blog\/wp-json\/wp\/v2\/comments?post=6630"}],"version-history":[{"count":2,"href":"https:\/\/www.haekelfieber.de\/wp-blog\/wp-json\/wp\/v2\/posts\/6630\/revisions"}],"predecessor-version":[{"id":6637,"href":"https:\/\/www.haekelfieber.de\/wp-blog\/wp-json\/wp\/v2\/posts\/6630\/revisions\/6637"}],"wp:attachment":[{"href":"https:\/\/www.haekelfieber.de\/wp-blog\/wp-json\/wp\/v2\/media?parent=6630"}],"wp:term":[{"taxonomy":"category","embeddable":true,"href":"https:\/\/www.haekelfieber.de\/wp-blog\/wp-json\/wp\/v2\/categories?post=6630"},{"taxonomy":"post_tag","embeddable":true,"href":"https:\/\/www.haekelfieber.de\/wp-blog\/wp-json\/wp\/v2\/tags?post=6630"}],"curies":[{"name":"wp","href":"https:\/\/api.w.org\/{rel}","templated":true}]}}