{"id":7321,"date":"2017-10-29T18:54:06","date_gmt":"2017-10-29T17:54:06","guid":{"rendered":"http:\/\/www.haekelfieber.de\/wp-blog\/?p=7321"},"modified":"2017-10-29T18:57:42","modified_gmt":"2017-10-29T17:57:42","slug":"gewappnet-gegen-graue-tage-bunte-tasche","status":"publish","type":"post","link":"https:\/\/www.haekelfieber.de\/wp-blog\/2017\/10\/gewappnet-gegen-graue-tage-bunte-tasche\/","title":{"rendered":"Gewappnet gegen graue Tage &#8211; bunte Tasche"},"content":{"rendered":"<p><img loading=\"lazy\" decoding=\"async\" class=\"aligncenter size-large wp-image-7329\" src=\"https:\/\/www.haekelfieber.de\/wp-blog\/wp-content\/uploads\/2017\/10\/tasche-haekeln-chevron-7-400x600.jpg\" alt=\"\" width=\"400\" height=\"600\" srcset=\"https:\/\/www.haekelfieber.de\/wp-blog\/wp-content\/uploads\/2017\/10\/tasche-haekeln-chevron-7-400x600.jpg 400w, https:\/\/www.haekelfieber.de\/wp-blog\/wp-content\/uploads\/2017\/10\/tasche-haekeln-chevron-7-200x300.jpg 200w, https:\/\/www.haekelfieber.de\/wp-blog\/wp-content\/uploads\/2017\/10\/tasche-haekeln-chevron-7.jpg 600w\" sizes=\"auto, (max-width: 400px) 100vw, 400px\" \/><\/p>\n<p>Fast h\u00e4tte meine heute fertiggestellte H\u00e4keltasche durchgestartet. So Richtung Orbit. Als ufHo &#8211; unfertiges\u00a0 H\u00e4kelobjekt.\u00a0 Das jetzt nette Ding hat einige meiner Nervenstr\u00e4nge zum Klingen gebracht. Vorgesehen waren, anstatt der Kordel aus Textilgarn, so runde Bambustaschenb\u00fcgel. Das Geh\u00e4kelte und die B\u00fcgel haben nicht zueinander gefunden. Zwischen beiden hat es nicht funktioniert. Trotz vieler unterst\u00fctzender Ma\u00dfnahmen meinerseits. Ihre Wege haben sich wieder aufgetrennt. Meine Mediation war f\u00fcr den Popo. Die runden Griffe touren jetzt als Singel durch meinen Materialfundus. Der &#8222;wollige Taschenk\u00f6rper&#8220; hat sich mit den Kordeln vereinigt. Ratzfatz. Auf&#8217;s Innigste miteinander verbunden, werden sie so schnell nicht mehr voneinander lassen. Hoffentlich eine tragfeste Beziehung \ud83d\ude42<\/p>\n<p><img loading=\"lazy\" decoding=\"async\" class=\"aligncenter size-large wp-image-7328\" src=\"https:\/\/www.haekelfieber.de\/wp-blog\/wp-content\/uploads\/2017\/10\/tasche-haekeln-chevron-6-400x600.jpg\" alt=\"\" width=\"400\" height=\"600\" srcset=\"https:\/\/www.haekelfieber.de\/wp-blog\/wp-content\/uploads\/2017\/10\/tasche-haekeln-chevron-6-400x600.jpg 400w, https:\/\/www.haekelfieber.de\/wp-blog\/wp-content\/uploads\/2017\/10\/tasche-haekeln-chevron-6-200x300.jpg 200w, https:\/\/www.haekelfieber.de\/wp-blog\/wp-content\/uploads\/2017\/10\/tasche-haekeln-chevron-6.jpg 600w\" sizes=\"auto, (max-width: 400px) 100vw, 400px\" \/><\/p>\n<p>&nbsp;<\/p>\n<p><img loading=\"lazy\" decoding=\"async\" class=\"aligncenter size-large wp-image-7326\" src=\"https:\/\/www.haekelfieber.de\/wp-blog\/wp-content\/uploads\/2017\/10\/tasche-haekeln-chevron-4-400x600.jpg\" alt=\"\" width=\"400\" height=\"600\" srcset=\"https:\/\/www.haekelfieber.de\/wp-blog\/wp-content\/uploads\/2017\/10\/tasche-haekeln-chevron-4-400x600.jpg 400w, https:\/\/www.haekelfieber.de\/wp-blog\/wp-content\/uploads\/2017\/10\/tasche-haekeln-chevron-4-200x300.jpg 200w, https:\/\/www.haekelfieber.de\/wp-blog\/wp-content\/uploads\/2017\/10\/tasche-haekeln-chevron-4.jpg 600w\" sizes=\"auto, (max-width: 400px) 100vw, 400px\" \/><\/p>\n<p>Das Muster hat einen tollen Namen: Chevron<br \/>\nAuf Pinterest und Youtube finden sich gute Anleitungen dazu.<\/p>\n<p><img loading=\"lazy\" decoding=\"async\" class=\"aligncenter size-large wp-image-7324\" src=\"https:\/\/www.haekelfieber.de\/wp-blog\/wp-content\/uploads\/2017\/10\/tasche-haekeln-chevron-2-400x600.jpg\" alt=\"\" width=\"400\" height=\"600\" srcset=\"https:\/\/www.haekelfieber.de\/wp-blog\/wp-content\/uploads\/2017\/10\/tasche-haekeln-chevron-2-400x600.jpg 400w, https:\/\/www.haekelfieber.de\/wp-blog\/wp-content\/uploads\/2017\/10\/tasche-haekeln-chevron-2-200x300.jpg 200w, https:\/\/www.haekelfieber.de\/wp-blog\/wp-content\/uploads\/2017\/10\/tasche-haekeln-chevron-2.jpg 600w\" sizes=\"auto, (max-width: 400px) 100vw, 400px\" \/><\/p>\n<p>&nbsp;<\/p>\n<p><img loading=\"lazy\" decoding=\"async\" class=\"aligncenter size-large wp-image-7325\" src=\"https:\/\/www.haekelfieber.de\/wp-blog\/wp-content\/uploads\/2017\/10\/tasche-haekeln-chevron-3-400x600.jpg\" alt=\"\" width=\"400\" height=\"600\" srcset=\"https:\/\/www.haekelfieber.de\/wp-blog\/wp-content\/uploads\/2017\/10\/tasche-haekeln-chevron-3-400x600.jpg 400w, https:\/\/www.haekelfieber.de\/wp-blog\/wp-content\/uploads\/2017\/10\/tasche-haekeln-chevron-3-200x300.jpg 200w, https:\/\/www.haekelfieber.de\/wp-blog\/wp-content\/uploads\/2017\/10\/tasche-haekeln-chevron-3.jpg 600w\" sizes=\"auto, (max-width: 400px) 100vw, 400px\" \/><\/p>\n<p>&nbsp;<\/p>\n<p><img loading=\"lazy\" decoding=\"async\" class=\"aligncenter size-large wp-image-7323\" src=\"https:\/\/www.haekelfieber.de\/wp-blog\/wp-content\/uploads\/2017\/10\/tasche-haekeln-chevron-1-400x600.jpg\" alt=\"\" width=\"400\" height=\"600\" srcset=\"https:\/\/www.haekelfieber.de\/wp-blog\/wp-content\/uploads\/2017\/10\/tasche-haekeln-chevron-1-400x600.jpg 400w, https:\/\/www.haekelfieber.de\/wp-blog\/wp-content\/uploads\/2017\/10\/tasche-haekeln-chevron-1-200x300.jpg 200w, https:\/\/www.haekelfieber.de\/wp-blog\/wp-content\/uploads\/2017\/10\/tasche-haekeln-chevron-1.jpg 600w\" sizes=\"auto, (max-width: 400px) 100vw, 400px\" \/><\/p>\n<p>Euch allen noch einen sch\u00f6nen Sonntag \ud83d\ude42<\/p>\n","protected":false},"excerpt":{"rendered":"<p>Fast h\u00e4tte meine heute fertiggestellte H\u00e4keltasche durchgestartet. So Richtung Orbit. Als ufHo &#8211; unfertiges\u00a0 H\u00e4kelobjekt.\u00a0 Das jetzt nette Ding hat einige meiner Nervenstr\u00e4nge zum Klingen gebracht. Vorgesehen waren, anstatt der Kordel aus Textilgarn, so runde Bambustaschenb\u00fcgel. Das Geh\u00e4kelte und die B\u00fcgel haben nicht zueinander gefunden. Zwischen beiden hat es nicht funktioniert. Trotz vieler unterst\u00fctzender Ma\u00dfnahmen &hellip; <a href=\"https:\/\/www.haekelfieber.de\/wp-blog\/2017\/10\/gewappnet-gegen-graue-tage-bunte-tasche\/\" class=\"more-link\"><span class=\"screen-reader-text\">Gewappnet gegen graue Tage &#8211; bunte Tasche<\/span> weiterlesen <span class=\"meta-nav\">&rarr;<\/span><\/a><\/p>\n","protected":false},"author":1,"featured_media":0,"comment_status":"open","ping_status":"open","sticky":false,"template":"","format":"standard","meta":{"footnotes":""},"categories":[5],"tags":[],"class_list":["post-7321","post","type-post","status-publish","format-standard","hentry","category-haekeln"],"yoast_head":"<!-- This site is optimized with the Yoast SEO plugin v27.4 - https:\/\/yoast.com\/product\/yoast-seo-wordpress\/ -->\n<title>Gewappnet gegen graue Tage - bunte Tasche - H\u00e4kelfieber<\/title>\n<meta name=\"robots\" content=\"index, follow, max-snippet:-1, max-image-preview:large, max-video-preview:-1\" \/>\n<link rel=\"canonical\" href=\"https:\/\/www.haekelfieber.de\/wp-blog\/2017\/10\/gewappnet-gegen-graue-tage-bunte-tasche\/\" \/>\n<meta property=\"og:locale\" content=\"de_DE\" \/>\n<meta property=\"og:type\" content=\"article\" \/>\n<meta property=\"og:title\" content=\"Gewappnet gegen graue Tage - bunte Tasche - H\u00e4kelfieber\" \/>\n<meta property=\"og:description\" content=\"Fast h\u00e4tte meine heute fertiggestellte H\u00e4keltasche durchgestartet. So Richtung Orbit. Als ufHo &#8211; unfertiges\u00a0 H\u00e4kelobjekt.\u00a0 Das jetzt nette Ding hat einige meiner Nervenstr\u00e4nge zum Klingen gebracht. Vorgesehen waren, anstatt der Kordel aus Textilgarn, so runde Bambustaschenb\u00fcgel. Das Geh\u00e4kelte und die B\u00fcgel haben nicht zueinander gefunden. Zwischen beiden hat es nicht funktioniert. Trotz vieler unterst\u00fctzender Ma\u00dfnahmen &hellip; Gewappnet gegen graue Tage &#8211; bunte Tasche weiterlesen &rarr;\" \/>\n<meta property=\"og:url\" content=\"https:\/\/www.haekelfieber.de\/wp-blog\/2017\/10\/gewappnet-gegen-graue-tage-bunte-tasche\/\" \/>\n<meta property=\"og:site_name\" content=\"H\u00e4kelfieber\" \/>\n<meta property=\"article:published_time\" content=\"2017-10-29T17:54:06+00:00\" \/>\n<meta property=\"article:modified_time\" content=\"2017-10-29T17:57:42+00:00\" \/>\n<meta property=\"og:image\" content=\"https:\/\/www.haekelfieber.de\/wp-blog\/wp-content\/uploads\/2017\/10\/tasche-haekeln-chevron-7-400x600.jpg\" \/>\n<meta name=\"author\" content=\"Jutta\" \/>\n<meta name=\"twitter:label1\" content=\"Verfasst von\" \/>\n\t<meta name=\"twitter:data1\" content=\"Jutta\" \/>\n\t<meta name=\"twitter:label2\" content=\"Gesch\u00e4tzte Lesezeit\" \/>\n\t<meta name=\"twitter:data2\" content=\"1\u00a0Minute\" \/>\n<script type=\"application\/ld+json\" class=\"yoast-schema-graph\">{\"@context\":\"https:\\\/\\\/schema.org\",\"@graph\":[{\"@type\":\"Article\",\"@id\":\"https:\\\/\\\/www.haekelfieber.de\\\/wp-blog\\\/2017\\\/10\\\/gewappnet-gegen-graue-tage-bunte-tasche\\\/#article\",\"isPartOf\":{\"@id\":\"https:\\\/\\\/www.haekelfieber.de\\\/wp-blog\\\/2017\\\/10\\\/gewappnet-gegen-graue-tage-bunte-tasche\\\/\"},\"author\":{\"name\":\"Jutta\",\"@id\":\"https:\\\/\\\/www.haekelfieber.de\\\/wp-blog\\\/#\\\/schema\\\/person\\\/08b81f8e0d3480519aadc66881dee8d7\"},\"headline\":\"Gewappnet gegen graue Tage &#8211; bunte Tasche\",\"datePublished\":\"2017-10-29T17:54:06+00:00\",\"dateModified\":\"2017-10-29T17:57:42+00:00\",\"mainEntityOfPage\":{\"@id\":\"https:\\\/\\\/www.haekelfieber.de\\\/wp-blog\\\/2017\\\/10\\\/gewappnet-gegen-graue-tage-bunte-tasche\\\/\"},\"wordCount\":149,\"commentCount\":1,\"publisher\":{\"@id\":\"https:\\\/\\\/www.haekelfieber.de\\\/wp-blog\\\/#organization\"},\"image\":{\"@id\":\"https:\\\/\\\/www.haekelfieber.de\\\/wp-blog\\\/2017\\\/10\\\/gewappnet-gegen-graue-tage-bunte-tasche\\\/#primaryimage\"},\"thumbnailUrl\":\"https:\\\/\\\/www.haekelfieber.de\\\/wp-blog\\\/wp-content\\\/uploads\\\/2017\\\/10\\\/tasche-haekeln-chevron-7-400x600.jpg\",\"articleSection\":[\"H\u00e4keln\"],\"inLanguage\":\"de\",\"potentialAction\":[{\"@type\":\"CommentAction\",\"name\":\"Comment\",\"target\":[\"https:\\\/\\\/www.haekelfieber.de\\\/wp-blog\\\/2017\\\/10\\\/gewappnet-gegen-graue-tage-bunte-tasche\\\/#respond\"]}]},{\"@type\":\"WebPage\",\"@id\":\"https:\\\/\\\/www.haekelfieber.de\\\/wp-blog\\\/2017\\\/10\\\/gewappnet-gegen-graue-tage-bunte-tasche\\\/\",\"url\":\"https:\\\/\\\/www.haekelfieber.de\\\/wp-blog\\\/2017\\\/10\\\/gewappnet-gegen-graue-tage-bunte-tasche\\\/\",\"name\":\"Gewappnet gegen graue Tage - bunte Tasche - H\u00e4kelfieber\",\"isPartOf\":{\"@id\":\"https:\\\/\\\/www.haekelfieber.de\\\/wp-blog\\\/#website\"},\"primaryImageOfPage\":{\"@id\":\"https:\\\/\\\/www.haekelfieber.de\\\/wp-blog\\\/2017\\\/10\\\/gewappnet-gegen-graue-tage-bunte-tasche\\\/#primaryimage\"},\"image\":{\"@id\":\"https:\\\/\\\/www.haekelfieber.de\\\/wp-blog\\\/2017\\\/10\\\/gewappnet-gegen-graue-tage-bunte-tasche\\\/#primaryimage\"},\"thumbnailUrl\":\"https:\\\/\\\/www.haekelfieber.de\\\/wp-blog\\\/wp-content\\\/uploads\\\/2017\\\/10\\\/tasche-haekeln-chevron-7-400x600.jpg\",\"datePublished\":\"2017-10-29T17:54:06+00:00\",\"dateModified\":\"2017-10-29T17:57:42+00:00\",\"breadcrumb\":{\"@id\":\"https:\\\/\\\/www.haekelfieber.de\\\/wp-blog\\\/2017\\\/10\\\/gewappnet-gegen-graue-tage-bunte-tasche\\\/#breadcrumb\"},\"inLanguage\":\"de\",\"potentialAction\":[{\"@type\":\"ReadAction\",\"target\":[\"https:\\\/\\\/www.haekelfieber.de\\\/wp-blog\\\/2017\\\/10\\\/gewappnet-gegen-graue-tage-bunte-tasche\\\/\"]}]},{\"@type\":\"ImageObject\",\"inLanguage\":\"de\",\"@id\":\"https:\\\/\\\/www.haekelfieber.de\\\/wp-blog\\\/2017\\\/10\\\/gewappnet-gegen-graue-tage-bunte-tasche\\\/#primaryimage\",\"url\":\"https:\\\/\\\/www.haekelfieber.de\\\/wp-blog\\\/wp-content\\\/uploads\\\/2017\\\/10\\\/tasche-haekeln-chevron-7.jpg\",\"contentUrl\":\"https:\\\/\\\/www.haekelfieber.de\\\/wp-blog\\\/wp-content\\\/uploads\\\/2017\\\/10\\\/tasche-haekeln-chevron-7.jpg\",\"width\":600,\"height\":900},{\"@type\":\"BreadcrumbList\",\"@id\":\"https:\\\/\\\/www.haekelfieber.de\\\/wp-blog\\\/2017\\\/10\\\/gewappnet-gegen-graue-tage-bunte-tasche\\\/#breadcrumb\",\"itemListElement\":[{\"@type\":\"ListItem\",\"position\":1,\"name\":\"Home\",\"item\":\"https:\\\/\\\/www.haekelfieber.de\\\/wp-blog\\\/\"},{\"@type\":\"ListItem\",\"position\":2,\"name\":\"Gewappnet gegen graue Tage &#8211; bunte Tasche\"}]},{\"@type\":\"WebSite\",\"@id\":\"https:\\\/\\\/www.haekelfieber.de\\\/wp-blog\\\/#website\",\"url\":\"https:\\\/\\\/www.haekelfieber.de\\\/wp-blog\\\/\",\"name\":\"H\u00e4kelfieber\",\"description\":\"Ich bin im...\",\"publisher\":{\"@id\":\"https:\\\/\\\/www.haekelfieber.de\\\/wp-blog\\\/#organization\"},\"potentialAction\":[{\"@type\":\"SearchAction\",\"target\":{\"@type\":\"EntryPoint\",\"urlTemplate\":\"https:\\\/\\\/www.haekelfieber.de\\\/wp-blog\\\/?s={search_term_string}\"},\"query-input\":{\"@type\":\"PropertyValueSpecification\",\"valueRequired\":true,\"valueName\":\"search_term_string\"}}],\"inLanguage\":\"de\"},{\"@type\":\"Organization\",\"@id\":\"https:\\\/\\\/www.haekelfieber.de\\\/wp-blog\\\/#organization\",\"name\":\"H\u00e4kelfieber\",\"url\":\"https:\\\/\\\/www.haekelfieber.de\\\/wp-blog\\\/\",\"logo\":{\"@type\":\"ImageObject\",\"inLanguage\":\"de\",\"@id\":\"https:\\\/\\\/www.haekelfieber.de\\\/wp-blog\\\/#\\\/schema\\\/logo\\\/image\\\/\",\"url\":\"https:\\\/\\\/www.haekelfieber.de\\\/wp-blog\\\/wp-content\\\/uploads\\\/2023\\\/03\\\/kissen-haekeln2.jpg\",\"contentUrl\":\"https:\\\/\\\/www.haekelfieber.de\\\/wp-blog\\\/wp-content\\\/uploads\\\/2023\\\/03\\\/kissen-haekeln2.jpg\",\"width\":683,\"height\":1024,\"caption\":\"H\u00e4kelfieber\"},\"image\":{\"@id\":\"https:\\\/\\\/www.haekelfieber.de\\\/wp-blog\\\/#\\\/schema\\\/logo\\\/image\\\/\"}},{\"@type\":\"Person\",\"@id\":\"https:\\\/\\\/www.haekelfieber.de\\\/wp-blog\\\/#\\\/schema\\\/person\\\/08b81f8e0d3480519aadc66881dee8d7\",\"name\":\"Jutta\",\"image\":{\"@type\":\"ImageObject\",\"inLanguage\":\"de\",\"@id\":\"https:\\\/\\\/secure.gravatar.com\\\/avatar\\\/4fb96a09981d3eab52fd94765c38a5395ca69a563a8cd98c172ef85375636d9d?s=96&d=mm&r=g\",\"url\":\"https:\\\/\\\/secure.gravatar.com\\\/avatar\\\/4fb96a09981d3eab52fd94765c38a5395ca69a563a8cd98c172ef85375636d9d?s=96&d=mm&r=g\",\"contentUrl\":\"https:\\\/\\\/secure.gravatar.com\\\/avatar\\\/4fb96a09981d3eab52fd94765c38a5395ca69a563a8cd98c172ef85375636d9d?s=96&d=mm&r=g\",\"caption\":\"Jutta\"},\"url\":\"https:\\\/\\\/www.haekelfieber.de\\\/wp-blog\\\/author\\\/admin\\\/\"}]}<\/script>\n<!-- \/ Yoast SEO plugin. -->","yoast_head_json":{"title":"Gewappnet gegen graue Tage - bunte Tasche - H\u00e4kelfieber","robots":{"index":"index","follow":"follow","max-snippet":"max-snippet:-1","max-image-preview":"max-image-preview:large","max-video-preview":"max-video-preview:-1"},"canonical":"https:\/\/www.haekelfieber.de\/wp-blog\/2017\/10\/gewappnet-gegen-graue-tage-bunte-tasche\/","og_locale":"de_DE","og_type":"article","og_title":"Gewappnet gegen graue Tage - bunte Tasche - H\u00e4kelfieber","og_description":"Fast h\u00e4tte meine heute fertiggestellte H\u00e4keltasche durchgestartet. So Richtung Orbit. Als ufHo &#8211; unfertiges\u00a0 H\u00e4kelobjekt.\u00a0 Das jetzt nette Ding hat einige meiner Nervenstr\u00e4nge zum Klingen gebracht. Vorgesehen waren, anstatt der Kordel aus Textilgarn, so runde Bambustaschenb\u00fcgel. Das Geh\u00e4kelte und die B\u00fcgel haben nicht zueinander gefunden. Zwischen beiden hat es nicht funktioniert. Trotz vieler unterst\u00fctzender Ma\u00dfnahmen &hellip; Gewappnet gegen graue Tage &#8211; bunte Tasche weiterlesen &rarr;","og_url":"https:\/\/www.haekelfieber.de\/wp-blog\/2017\/10\/gewappnet-gegen-graue-tage-bunte-tasche\/","og_site_name":"H\u00e4kelfieber","article_published_time":"2017-10-29T17:54:06+00:00","article_modified_time":"2017-10-29T17:57:42+00:00","og_image":[{"url":"https:\/\/www.haekelfieber.de\/wp-blog\/wp-content\/uploads\/2017\/10\/tasche-haekeln-chevron-7-400x600.jpg","type":"","width":"","height":""}],"author":"Jutta","twitter_misc":{"Verfasst von":"Jutta","Gesch\u00e4tzte Lesezeit":"1\u00a0Minute"},"schema":{"@context":"https:\/\/schema.org","@graph":[{"@type":"Article","@id":"https:\/\/www.haekelfieber.de\/wp-blog\/2017\/10\/gewappnet-gegen-graue-tage-bunte-tasche\/#article","isPartOf":{"@id":"https:\/\/www.haekelfieber.de\/wp-blog\/2017\/10\/gewappnet-gegen-graue-tage-bunte-tasche\/"},"author":{"name":"Jutta","@id":"https:\/\/www.haekelfieber.de\/wp-blog\/#\/schema\/person\/08b81f8e0d3480519aadc66881dee8d7"},"headline":"Gewappnet gegen graue Tage &#8211; bunte Tasche","datePublished":"2017-10-29T17:54:06+00:00","dateModified":"2017-10-29T17:57:42+00:00","mainEntityOfPage":{"@id":"https:\/\/www.haekelfieber.de\/wp-blog\/2017\/10\/gewappnet-gegen-graue-tage-bunte-tasche\/"},"wordCount":149,"commentCount":1,"publisher":{"@id":"https:\/\/www.haekelfieber.de\/wp-blog\/#organization"},"image":{"@id":"https:\/\/www.haekelfieber.de\/wp-blog\/2017\/10\/gewappnet-gegen-graue-tage-bunte-tasche\/#primaryimage"},"thumbnailUrl":"https:\/\/www.haekelfieber.de\/wp-blog\/wp-content\/uploads\/2017\/10\/tasche-haekeln-chevron-7-400x600.jpg","articleSection":["H\u00e4keln"],"inLanguage":"de","potentialAction":[{"@type":"CommentAction","name":"Comment","target":["https:\/\/www.haekelfieber.de\/wp-blog\/2017\/10\/gewappnet-gegen-graue-tage-bunte-tasche\/#respond"]}]},{"@type":"WebPage","@id":"https:\/\/www.haekelfieber.de\/wp-blog\/2017\/10\/gewappnet-gegen-graue-tage-bunte-tasche\/","url":"https:\/\/www.haekelfieber.de\/wp-blog\/2017\/10\/gewappnet-gegen-graue-tage-bunte-tasche\/","name":"Gewappnet gegen graue Tage - bunte Tasche - H\u00e4kelfieber","isPartOf":{"@id":"https:\/\/www.haekelfieber.de\/wp-blog\/#website"},"primaryImageOfPage":{"@id":"https:\/\/www.haekelfieber.de\/wp-blog\/2017\/10\/gewappnet-gegen-graue-tage-bunte-tasche\/#primaryimage"},"image":{"@id":"https:\/\/www.haekelfieber.de\/wp-blog\/2017\/10\/gewappnet-gegen-graue-tage-bunte-tasche\/#primaryimage"},"thumbnailUrl":"https:\/\/www.haekelfieber.de\/wp-blog\/wp-content\/uploads\/2017\/10\/tasche-haekeln-chevron-7-400x600.jpg","datePublished":"2017-10-29T17:54:06+00:00","dateModified":"2017-10-29T17:57:42+00:00","breadcrumb":{"@id":"https:\/\/www.haekelfieber.de\/wp-blog\/2017\/10\/gewappnet-gegen-graue-tage-bunte-tasche\/#breadcrumb"},"inLanguage":"de","potentialAction":[{"@type":"ReadAction","target":["https:\/\/www.haekelfieber.de\/wp-blog\/2017\/10\/gewappnet-gegen-graue-tage-bunte-tasche\/"]}]},{"@type":"ImageObject","inLanguage":"de","@id":"https:\/\/www.haekelfieber.de\/wp-blog\/2017\/10\/gewappnet-gegen-graue-tage-bunte-tasche\/#primaryimage","url":"https:\/\/www.haekelfieber.de\/wp-blog\/wp-content\/uploads\/2017\/10\/tasche-haekeln-chevron-7.jpg","contentUrl":"https:\/\/www.haekelfieber.de\/wp-blog\/wp-content\/uploads\/2017\/10\/tasche-haekeln-chevron-7.jpg","width":600,"height":900},{"@type":"BreadcrumbList","@id":"https:\/\/www.haekelfieber.de\/wp-blog\/2017\/10\/gewappnet-gegen-graue-tage-bunte-tasche\/#breadcrumb","itemListElement":[{"@type":"ListItem","position":1,"name":"Home","item":"https:\/\/www.haekelfieber.de\/wp-blog\/"},{"@type":"ListItem","position":2,"name":"Gewappnet gegen graue Tage &#8211; bunte Tasche"}]},{"@type":"WebSite","@id":"https:\/\/www.haekelfieber.de\/wp-blog\/#website","url":"https:\/\/www.haekelfieber.de\/wp-blog\/","name":"H\u00e4kelfieber","description":"Ich bin im...","publisher":{"@id":"https:\/\/www.haekelfieber.de\/wp-blog\/#organization"},"potentialAction":[{"@type":"SearchAction","target":{"@type":"EntryPoint","urlTemplate":"https:\/\/www.haekelfieber.de\/wp-blog\/?s={search_term_string}"},"query-input":{"@type":"PropertyValueSpecification","valueRequired":true,"valueName":"search_term_string"}}],"inLanguage":"de"},{"@type":"Organization","@id":"https:\/\/www.haekelfieber.de\/wp-blog\/#organization","name":"H\u00e4kelfieber","url":"https:\/\/www.haekelfieber.de\/wp-blog\/","logo":{"@type":"ImageObject","inLanguage":"de","@id":"https:\/\/www.haekelfieber.de\/wp-blog\/#\/schema\/logo\/image\/","url":"https:\/\/www.haekelfieber.de\/wp-blog\/wp-content\/uploads\/2023\/03\/kissen-haekeln2.jpg","contentUrl":"https:\/\/www.haekelfieber.de\/wp-blog\/wp-content\/uploads\/2023\/03\/kissen-haekeln2.jpg","width":683,"height":1024,"caption":"H\u00e4kelfieber"},"image":{"@id":"https:\/\/www.haekelfieber.de\/wp-blog\/#\/schema\/logo\/image\/"}},{"@type":"Person","@id":"https:\/\/www.haekelfieber.de\/wp-blog\/#\/schema\/person\/08b81f8e0d3480519aadc66881dee8d7","name":"Jutta","image":{"@type":"ImageObject","inLanguage":"de","@id":"https:\/\/secure.gravatar.com\/avatar\/4fb96a09981d3eab52fd94765c38a5395ca69a563a8cd98c172ef85375636d9d?s=96&d=mm&r=g","url":"https:\/\/secure.gravatar.com\/avatar\/4fb96a09981d3eab52fd94765c38a5395ca69a563a8cd98c172ef85375636d9d?s=96&d=mm&r=g","contentUrl":"https:\/\/secure.gravatar.com\/avatar\/4fb96a09981d3eab52fd94765c38a5395ca69a563a8cd98c172ef85375636d9d?s=96&d=mm&r=g","caption":"Jutta"},"url":"https:\/\/www.haekelfieber.de\/wp-blog\/author\/admin\/"}]}},"_links":{"self":[{"href":"https:\/\/www.haekelfieber.de\/wp-blog\/wp-json\/wp\/v2\/posts\/7321","targetHints":{"allow":["GET"]}}],"collection":[{"href":"https:\/\/www.haekelfieber.de\/wp-blog\/wp-json\/wp\/v2\/posts"}],"about":[{"href":"https:\/\/www.haekelfieber.de\/wp-blog\/wp-json\/wp\/v2\/types\/post"}],"author":[{"embeddable":true,"href":"https:\/\/www.haekelfieber.de\/wp-blog\/wp-json\/wp\/v2\/users\/1"}],"replies":[{"embeddable":true,"href":"https:\/\/www.haekelfieber.de\/wp-blog\/wp-json\/wp\/v2\/comments?post=7321"}],"version-history":[{"count":3,"href":"https:\/\/www.haekelfieber.de\/wp-blog\/wp-json\/wp\/v2\/posts\/7321\/revisions"}],"predecessor-version":[{"id":7331,"href":"https:\/\/www.haekelfieber.de\/wp-blog\/wp-json\/wp\/v2\/posts\/7321\/revisions\/7331"}],"wp:attachment":[{"href":"https:\/\/www.haekelfieber.de\/wp-blog\/wp-json\/wp\/v2\/media?parent=7321"}],"wp:term":[{"taxonomy":"category","embeddable":true,"href":"https:\/\/www.haekelfieber.de\/wp-blog\/wp-json\/wp\/v2\/categories?post=7321"},{"taxonomy":"post_tag","embeddable":true,"href":"https:\/\/www.haekelfieber.de\/wp-blog\/wp-json\/wp\/v2\/tags?post=7321"}],"curies":[{"name":"wp","href":"https:\/\/api.w.org\/{rel}","templated":true}]}}