{"id":7785,"date":"2018-01-28T14:37:27","date_gmt":"2018-01-28T13:37:27","guid":{"rendered":"http:\/\/www.haekelfieber.de\/wp-blog\/?p=7785"},"modified":"2018-01-28T08:58:32","modified_gmt":"2018-01-28T07:58:32","slug":"fundstueck-fuer-an-die-wand","status":"publish","type":"post","link":"https:\/\/www.haekelfieber.de\/wp-blog\/2018\/01\/fundstueck-fuer-an-die-wand\/","title":{"rendered":"Fundst\u00fcck f\u00fcr an die Wand"},"content":{"rendered":"<p><img loading=\"lazy\" decoding=\"async\" class=\"aligncenter size-large wp-image-7790\" src=\"https:\/\/www.haekelfieber.de\/wp-blog\/wp-content\/uploads\/2018\/01\/wand-teller-boho-wohnen-5-600x400.jpg\" alt=\"\" width=\"600\" height=\"400\" srcset=\"https:\/\/www.haekelfieber.de\/wp-blog\/wp-content\/uploads\/2018\/01\/wand-teller-boho-wohnen-5-600x400.jpg 600w, https:\/\/www.haekelfieber.de\/wp-blog\/wp-content\/uploads\/2018\/01\/wand-teller-boho-wohnen-5-300x200.jpg 300w, https:\/\/www.haekelfieber.de\/wp-blog\/wp-content\/uploads\/2018\/01\/wand-teller-boho-wohnen-5-768x512.jpg 768w, https:\/\/www.haekelfieber.de\/wp-blog\/wp-content\/uploads\/2018\/01\/wand-teller-boho-wohnen-5.jpg 900w\" sizes=\"auto, (max-width: 600px) 100vw, 600px\" \/><\/p>\n<p>Ein dauerhafter Begleiter von mir: mein Faible f\u00fcr Wandteller. Die zu best\u00fcckende Fl\u00e4che wird rar. \u00c4hnlich wie die Ecken f\u00fcr Lampen. Was soll&#8217;s. Man ver\u00e4ndert sich ja t\u00e4glich, min\u00fctlich, sek\u00fcndlich. Kann sein, dass ich in 28 Minuten nicht nur 28 Minuten \u00e4lter geworden bin, sondern sich in der Zeitspanne eine Vorliebe f\u00fcr eine neue Farbkombi in mir angelegt hat. K\u00f6nnte sein, dass sich also ein Wandteller farbtechnisch als deplaziert erweist und passender Ersatz her muss. Das Leben ist im Fluss. Also nicht kurzsichtig ins Leben nehmen was gerade erforderlich ist sondern auch jenes, was noch erforderlich sein k\u00f6nnte, in z. B. 28 Minuten \ud83d\ude42<\/p>\n<p><img loading=\"lazy\" decoding=\"async\" class=\"aligncenter size-large wp-image-7786\" src=\"https:\/\/www.haekelfieber.de\/wp-blog\/wp-content\/uploads\/2018\/01\/wand-teller-boho-wohnen-1-400x600.jpg\" alt=\"\" width=\"400\" height=\"600\" srcset=\"https:\/\/www.haekelfieber.de\/wp-blog\/wp-content\/uploads\/2018\/01\/wand-teller-boho-wohnen-1-400x600.jpg 400w, https:\/\/www.haekelfieber.de\/wp-blog\/wp-content\/uploads\/2018\/01\/wand-teller-boho-wohnen-1-200x300.jpg 200w, https:\/\/www.haekelfieber.de\/wp-blog\/wp-content\/uploads\/2018\/01\/wand-teller-boho-wohnen-1.jpg 600w\" sizes=\"auto, (max-width: 400px) 100vw, 400px\" \/><\/p>\n<p>&nbsp;<\/p>\n<p><img loading=\"lazy\" decoding=\"async\" class=\"aligncenter size-large wp-image-7789\" src=\"https:\/\/www.haekelfieber.de\/wp-blog\/wp-content\/uploads\/2018\/01\/wand-teller-boho-wohnen-4-400x600.jpg\" alt=\"\" width=\"400\" height=\"600\" srcset=\"https:\/\/www.haekelfieber.de\/wp-blog\/wp-content\/uploads\/2018\/01\/wand-teller-boho-wohnen-4-400x600.jpg 400w, https:\/\/www.haekelfieber.de\/wp-blog\/wp-content\/uploads\/2018\/01\/wand-teller-boho-wohnen-4-200x300.jpg 200w, https:\/\/www.haekelfieber.de\/wp-blog\/wp-content\/uploads\/2018\/01\/wand-teller-boho-wohnen-4.jpg 600w\" sizes=\"auto, (max-width: 400px) 100vw, 400px\" \/><\/p>\n<p>&nbsp;<\/p>\n<p><img loading=\"lazy\" decoding=\"async\" class=\"aligncenter size-large wp-image-7787\" src=\"https:\/\/www.haekelfieber.de\/wp-blog\/wp-content\/uploads\/2018\/01\/wand-teller-boho-wohnen-2-400x600.jpg\" alt=\"\" width=\"400\" height=\"600\" srcset=\"https:\/\/www.haekelfieber.de\/wp-blog\/wp-content\/uploads\/2018\/01\/wand-teller-boho-wohnen-2-400x600.jpg 400w, https:\/\/www.haekelfieber.de\/wp-blog\/wp-content\/uploads\/2018\/01\/wand-teller-boho-wohnen-2-200x300.jpg 200w, https:\/\/www.haekelfieber.de\/wp-blog\/wp-content\/uploads\/2018\/01\/wand-teller-boho-wohnen-2.jpg 600w\" sizes=\"auto, (max-width: 400px) 100vw, 400px\" \/><\/p>\n","protected":false},"excerpt":{"rendered":"<p>Ein dauerhafter Begleiter von mir: mein Faible f\u00fcr Wandteller. Die zu best\u00fcckende Fl\u00e4che wird rar. \u00c4hnlich wie die Ecken f\u00fcr Lampen. Was soll&#8217;s. Man ver\u00e4ndert sich ja t\u00e4glich, min\u00fctlich, sek\u00fcndlich. Kann sein, dass ich in 28 Minuten nicht nur 28 Minuten \u00e4lter geworden bin, sondern sich in der Zeitspanne eine Vorliebe f\u00fcr eine neue Farbkombi &hellip; <a href=\"https:\/\/www.haekelfieber.de\/wp-blog\/2018\/01\/fundstueck-fuer-an-die-wand\/\" class=\"more-link\"><span class=\"screen-reader-text\">Fundst\u00fcck f\u00fcr an die Wand<\/span> weiterlesen <span class=\"meta-nav\">&rarr;<\/span><\/a><\/p>\n","protected":false},"author":1,"featured_media":0,"comment_status":"open","ping_status":"open","sticky":false,"template":"","format":"standard","meta":{"footnotes":""},"categories":[8],"tags":[],"class_list":["post-7785","post","type-post","status-publish","format-standard","hentry","category-flohmarktschaetze"],"yoast_head":"<!-- This site is optimized with the Yoast SEO plugin v27.5 - https:\/\/yoast.com\/product\/yoast-seo-wordpress\/ -->\n<title>Fundst\u00fcck f\u00fcr an die Wand - H\u00e4kelfieber<\/title>\n<meta name=\"robots\" content=\"index, follow, max-snippet:-1, max-image-preview:large, max-video-preview:-1\" \/>\n<link rel=\"canonical\" href=\"https:\/\/www.haekelfieber.de\/wp-blog\/2018\/01\/fundstueck-fuer-an-die-wand\/\" \/>\n<meta property=\"og:locale\" content=\"de_DE\" \/>\n<meta property=\"og:type\" content=\"article\" \/>\n<meta property=\"og:title\" content=\"Fundst\u00fcck f\u00fcr an die Wand - H\u00e4kelfieber\" \/>\n<meta property=\"og:description\" content=\"Ein dauerhafter Begleiter von mir: mein Faible f\u00fcr Wandteller. Die zu best\u00fcckende Fl\u00e4che wird rar. \u00c4hnlich wie die Ecken f\u00fcr Lampen. Was soll&#8217;s. Man ver\u00e4ndert sich ja t\u00e4glich, min\u00fctlich, sek\u00fcndlich. Kann sein, dass ich in 28 Minuten nicht nur 28 Minuten \u00e4lter geworden bin, sondern sich in der Zeitspanne eine Vorliebe f\u00fcr eine neue Farbkombi &hellip; Fundst\u00fcck f\u00fcr an die Wand weiterlesen &rarr;\" \/>\n<meta property=\"og:url\" content=\"https:\/\/www.haekelfieber.de\/wp-blog\/2018\/01\/fundstueck-fuer-an-die-wand\/\" \/>\n<meta property=\"og:site_name\" content=\"H\u00e4kelfieber\" \/>\n<meta property=\"article:published_time\" content=\"2018-01-28T13:37:27+00:00\" \/>\n<meta property=\"og:image\" content=\"https:\/\/www.haekelfieber.de\/wp-blog\/wp-content\/uploads\/2018\/01\/wand-teller-boho-wohnen-5-600x400.jpg\" \/>\n<meta name=\"author\" content=\"Jutta\" \/>\n<meta name=\"twitter:label1\" content=\"Verfasst von\" \/>\n\t<meta name=\"twitter:data1\" content=\"Jutta\" \/>\n\t<meta name=\"twitter:label2\" content=\"Gesch\u00e4tzte Lesezeit\" \/>\n\t<meta name=\"twitter:data2\" content=\"1\u00a0Minute\" \/>\n<script type=\"application\/ld+json\" class=\"yoast-schema-graph\">{\"@context\":\"https:\\\/\\\/schema.org\",\"@graph\":[{\"@type\":\"Article\",\"@id\":\"https:\\\/\\\/www.haekelfieber.de\\\/wp-blog\\\/2018\\\/01\\\/fundstueck-fuer-an-die-wand\\\/#article\",\"isPartOf\":{\"@id\":\"https:\\\/\\\/www.haekelfieber.de\\\/wp-blog\\\/2018\\\/01\\\/fundstueck-fuer-an-die-wand\\\/\"},\"author\":{\"name\":\"Jutta\",\"@id\":\"https:\\\/\\\/www.haekelfieber.de\\\/wp-blog\\\/#\\\/schema\\\/person\\\/08b81f8e0d3480519aadc66881dee8d7\"},\"headline\":\"Fundst\u00fcck f\u00fcr an die Wand\",\"datePublished\":\"2018-01-28T13:37:27+00:00\",\"mainEntityOfPage\":{\"@id\":\"https:\\\/\\\/www.haekelfieber.de\\\/wp-blog\\\/2018\\\/01\\\/fundstueck-fuer-an-die-wand\\\/\"},\"wordCount\":121,\"commentCount\":2,\"publisher\":{\"@id\":\"https:\\\/\\\/www.haekelfieber.de\\\/wp-blog\\\/#organization\"},\"image\":{\"@id\":\"https:\\\/\\\/www.haekelfieber.de\\\/wp-blog\\\/2018\\\/01\\\/fundstueck-fuer-an-die-wand\\\/#primaryimage\"},\"thumbnailUrl\":\"https:\\\/\\\/www.haekelfieber.de\\\/wp-blog\\\/wp-content\\\/uploads\\\/2018\\\/01\\\/wand-teller-boho-wohnen-5-600x400.jpg\",\"articleSection\":[\"Flohmarktsch\u00e4tze\"],\"inLanguage\":\"de\",\"potentialAction\":[{\"@type\":\"CommentAction\",\"name\":\"Comment\",\"target\":[\"https:\\\/\\\/www.haekelfieber.de\\\/wp-blog\\\/2018\\\/01\\\/fundstueck-fuer-an-die-wand\\\/#respond\"]}]},{\"@type\":\"WebPage\",\"@id\":\"https:\\\/\\\/www.haekelfieber.de\\\/wp-blog\\\/2018\\\/01\\\/fundstueck-fuer-an-die-wand\\\/\",\"url\":\"https:\\\/\\\/www.haekelfieber.de\\\/wp-blog\\\/2018\\\/01\\\/fundstueck-fuer-an-die-wand\\\/\",\"name\":\"Fundst\u00fcck f\u00fcr an die Wand - H\u00e4kelfieber\",\"isPartOf\":{\"@id\":\"https:\\\/\\\/www.haekelfieber.de\\\/wp-blog\\\/#website\"},\"primaryImageOfPage\":{\"@id\":\"https:\\\/\\\/www.haekelfieber.de\\\/wp-blog\\\/2018\\\/01\\\/fundstueck-fuer-an-die-wand\\\/#primaryimage\"},\"image\":{\"@id\":\"https:\\\/\\\/www.haekelfieber.de\\\/wp-blog\\\/2018\\\/01\\\/fundstueck-fuer-an-die-wand\\\/#primaryimage\"},\"thumbnailUrl\":\"https:\\\/\\\/www.haekelfieber.de\\\/wp-blog\\\/wp-content\\\/uploads\\\/2018\\\/01\\\/wand-teller-boho-wohnen-5-600x400.jpg\",\"datePublished\":\"2018-01-28T13:37:27+00:00\",\"breadcrumb\":{\"@id\":\"https:\\\/\\\/www.haekelfieber.de\\\/wp-blog\\\/2018\\\/01\\\/fundstueck-fuer-an-die-wand\\\/#breadcrumb\"},\"inLanguage\":\"de\",\"potentialAction\":[{\"@type\":\"ReadAction\",\"target\":[\"https:\\\/\\\/www.haekelfieber.de\\\/wp-blog\\\/2018\\\/01\\\/fundstueck-fuer-an-die-wand\\\/\"]}]},{\"@type\":\"ImageObject\",\"inLanguage\":\"de\",\"@id\":\"https:\\\/\\\/www.haekelfieber.de\\\/wp-blog\\\/2018\\\/01\\\/fundstueck-fuer-an-die-wand\\\/#primaryimage\",\"url\":\"https:\\\/\\\/www.haekelfieber.de\\\/wp-blog\\\/wp-content\\\/uploads\\\/2018\\\/01\\\/wand-teller-boho-wohnen-5.jpg\",\"contentUrl\":\"https:\\\/\\\/www.haekelfieber.de\\\/wp-blog\\\/wp-content\\\/uploads\\\/2018\\\/01\\\/wand-teller-boho-wohnen-5.jpg\",\"width\":900,\"height\":600},{\"@type\":\"BreadcrumbList\",\"@id\":\"https:\\\/\\\/www.haekelfieber.de\\\/wp-blog\\\/2018\\\/01\\\/fundstueck-fuer-an-die-wand\\\/#breadcrumb\",\"itemListElement\":[{\"@type\":\"ListItem\",\"position\":1,\"name\":\"Home\",\"item\":\"https:\\\/\\\/www.haekelfieber.de\\\/wp-blog\\\/\"},{\"@type\":\"ListItem\",\"position\":2,\"name\":\"Fundst\u00fcck f\u00fcr an die Wand\"}]},{\"@type\":\"WebSite\",\"@id\":\"https:\\\/\\\/www.haekelfieber.de\\\/wp-blog\\\/#website\",\"url\":\"https:\\\/\\\/www.haekelfieber.de\\\/wp-blog\\\/\",\"name\":\"H\u00e4kelfieber\",\"description\":\"Ich bin im...\",\"publisher\":{\"@id\":\"https:\\\/\\\/www.haekelfieber.de\\\/wp-blog\\\/#organization\"},\"potentialAction\":[{\"@type\":\"SearchAction\",\"target\":{\"@type\":\"EntryPoint\",\"urlTemplate\":\"https:\\\/\\\/www.haekelfieber.de\\\/wp-blog\\\/?s={search_term_string}\"},\"query-input\":{\"@type\":\"PropertyValueSpecification\",\"valueRequired\":true,\"valueName\":\"search_term_string\"}}],\"inLanguage\":\"de\"},{\"@type\":\"Organization\",\"@id\":\"https:\\\/\\\/www.haekelfieber.de\\\/wp-blog\\\/#organization\",\"name\":\"H\u00e4kelfieber\",\"url\":\"https:\\\/\\\/www.haekelfieber.de\\\/wp-blog\\\/\",\"logo\":{\"@type\":\"ImageObject\",\"inLanguage\":\"de\",\"@id\":\"https:\\\/\\\/www.haekelfieber.de\\\/wp-blog\\\/#\\\/schema\\\/logo\\\/image\\\/\",\"url\":\"https:\\\/\\\/www.haekelfieber.de\\\/wp-blog\\\/wp-content\\\/uploads\\\/2023\\\/03\\\/kissen-haekeln2.jpg\",\"contentUrl\":\"https:\\\/\\\/www.haekelfieber.de\\\/wp-blog\\\/wp-content\\\/uploads\\\/2023\\\/03\\\/kissen-haekeln2.jpg\",\"width\":683,\"height\":1024,\"caption\":\"H\u00e4kelfieber\"},\"image\":{\"@id\":\"https:\\\/\\\/www.haekelfieber.de\\\/wp-blog\\\/#\\\/schema\\\/logo\\\/image\\\/\"}},{\"@type\":\"Person\",\"@id\":\"https:\\\/\\\/www.haekelfieber.de\\\/wp-blog\\\/#\\\/schema\\\/person\\\/08b81f8e0d3480519aadc66881dee8d7\",\"name\":\"Jutta\",\"image\":{\"@type\":\"ImageObject\",\"inLanguage\":\"de\",\"@id\":\"https:\\\/\\\/secure.gravatar.com\\\/avatar\\\/4fb96a09981d3eab52fd94765c38a5395ca69a563a8cd98c172ef85375636d9d?s=96&d=mm&r=g\",\"url\":\"https:\\\/\\\/secure.gravatar.com\\\/avatar\\\/4fb96a09981d3eab52fd94765c38a5395ca69a563a8cd98c172ef85375636d9d?s=96&d=mm&r=g\",\"contentUrl\":\"https:\\\/\\\/secure.gravatar.com\\\/avatar\\\/4fb96a09981d3eab52fd94765c38a5395ca69a563a8cd98c172ef85375636d9d?s=96&d=mm&r=g\",\"caption\":\"Jutta\"},\"url\":\"https:\\\/\\\/www.haekelfieber.de\\\/wp-blog\\\/author\\\/admin\\\/\"}]}<\/script>\n<!-- \/ Yoast SEO plugin. -->","yoast_head_json":{"title":"Fundst\u00fcck f\u00fcr an die Wand - H\u00e4kelfieber","robots":{"index":"index","follow":"follow","max-snippet":"max-snippet:-1","max-image-preview":"max-image-preview:large","max-video-preview":"max-video-preview:-1"},"canonical":"https:\/\/www.haekelfieber.de\/wp-blog\/2018\/01\/fundstueck-fuer-an-die-wand\/","og_locale":"de_DE","og_type":"article","og_title":"Fundst\u00fcck f\u00fcr an die Wand - H\u00e4kelfieber","og_description":"Ein dauerhafter Begleiter von mir: mein Faible f\u00fcr Wandteller. Die zu best\u00fcckende Fl\u00e4che wird rar. \u00c4hnlich wie die Ecken f\u00fcr Lampen. Was soll&#8217;s. Man ver\u00e4ndert sich ja t\u00e4glich, min\u00fctlich, sek\u00fcndlich. Kann sein, dass ich in 28 Minuten nicht nur 28 Minuten \u00e4lter geworden bin, sondern sich in der Zeitspanne eine Vorliebe f\u00fcr eine neue Farbkombi &hellip; Fundst\u00fcck f\u00fcr an die Wand weiterlesen &rarr;","og_url":"https:\/\/www.haekelfieber.de\/wp-blog\/2018\/01\/fundstueck-fuer-an-die-wand\/","og_site_name":"H\u00e4kelfieber","article_published_time":"2018-01-28T13:37:27+00:00","og_image":[{"url":"https:\/\/www.haekelfieber.de\/wp-blog\/wp-content\/uploads\/2018\/01\/wand-teller-boho-wohnen-5-600x400.jpg","type":"","width":"","height":""}],"author":"Jutta","twitter_misc":{"Verfasst von":"Jutta","Gesch\u00e4tzte Lesezeit":"1\u00a0Minute"},"schema":{"@context":"https:\/\/schema.org","@graph":[{"@type":"Article","@id":"https:\/\/www.haekelfieber.de\/wp-blog\/2018\/01\/fundstueck-fuer-an-die-wand\/#article","isPartOf":{"@id":"https:\/\/www.haekelfieber.de\/wp-blog\/2018\/01\/fundstueck-fuer-an-die-wand\/"},"author":{"name":"Jutta","@id":"https:\/\/www.haekelfieber.de\/wp-blog\/#\/schema\/person\/08b81f8e0d3480519aadc66881dee8d7"},"headline":"Fundst\u00fcck f\u00fcr an die Wand","datePublished":"2018-01-28T13:37:27+00:00","mainEntityOfPage":{"@id":"https:\/\/www.haekelfieber.de\/wp-blog\/2018\/01\/fundstueck-fuer-an-die-wand\/"},"wordCount":121,"commentCount":2,"publisher":{"@id":"https:\/\/www.haekelfieber.de\/wp-blog\/#organization"},"image":{"@id":"https:\/\/www.haekelfieber.de\/wp-blog\/2018\/01\/fundstueck-fuer-an-die-wand\/#primaryimage"},"thumbnailUrl":"https:\/\/www.haekelfieber.de\/wp-blog\/wp-content\/uploads\/2018\/01\/wand-teller-boho-wohnen-5-600x400.jpg","articleSection":["Flohmarktsch\u00e4tze"],"inLanguage":"de","potentialAction":[{"@type":"CommentAction","name":"Comment","target":["https:\/\/www.haekelfieber.de\/wp-blog\/2018\/01\/fundstueck-fuer-an-die-wand\/#respond"]}]},{"@type":"WebPage","@id":"https:\/\/www.haekelfieber.de\/wp-blog\/2018\/01\/fundstueck-fuer-an-die-wand\/","url":"https:\/\/www.haekelfieber.de\/wp-blog\/2018\/01\/fundstueck-fuer-an-die-wand\/","name":"Fundst\u00fcck f\u00fcr an die Wand - H\u00e4kelfieber","isPartOf":{"@id":"https:\/\/www.haekelfieber.de\/wp-blog\/#website"},"primaryImageOfPage":{"@id":"https:\/\/www.haekelfieber.de\/wp-blog\/2018\/01\/fundstueck-fuer-an-die-wand\/#primaryimage"},"image":{"@id":"https:\/\/www.haekelfieber.de\/wp-blog\/2018\/01\/fundstueck-fuer-an-die-wand\/#primaryimage"},"thumbnailUrl":"https:\/\/www.haekelfieber.de\/wp-blog\/wp-content\/uploads\/2018\/01\/wand-teller-boho-wohnen-5-600x400.jpg","datePublished":"2018-01-28T13:37:27+00:00","breadcrumb":{"@id":"https:\/\/www.haekelfieber.de\/wp-blog\/2018\/01\/fundstueck-fuer-an-die-wand\/#breadcrumb"},"inLanguage":"de","potentialAction":[{"@type":"ReadAction","target":["https:\/\/www.haekelfieber.de\/wp-blog\/2018\/01\/fundstueck-fuer-an-die-wand\/"]}]},{"@type":"ImageObject","inLanguage":"de","@id":"https:\/\/www.haekelfieber.de\/wp-blog\/2018\/01\/fundstueck-fuer-an-die-wand\/#primaryimage","url":"https:\/\/www.haekelfieber.de\/wp-blog\/wp-content\/uploads\/2018\/01\/wand-teller-boho-wohnen-5.jpg","contentUrl":"https:\/\/www.haekelfieber.de\/wp-blog\/wp-content\/uploads\/2018\/01\/wand-teller-boho-wohnen-5.jpg","width":900,"height":600},{"@type":"BreadcrumbList","@id":"https:\/\/www.haekelfieber.de\/wp-blog\/2018\/01\/fundstueck-fuer-an-die-wand\/#breadcrumb","itemListElement":[{"@type":"ListItem","position":1,"name":"Home","item":"https:\/\/www.haekelfieber.de\/wp-blog\/"},{"@type":"ListItem","position":2,"name":"Fundst\u00fcck f\u00fcr an die Wand"}]},{"@type":"WebSite","@id":"https:\/\/www.haekelfieber.de\/wp-blog\/#website","url":"https:\/\/www.haekelfieber.de\/wp-blog\/","name":"H\u00e4kelfieber","description":"Ich bin im...","publisher":{"@id":"https:\/\/www.haekelfieber.de\/wp-blog\/#organization"},"potentialAction":[{"@type":"SearchAction","target":{"@type":"EntryPoint","urlTemplate":"https:\/\/www.haekelfieber.de\/wp-blog\/?s={search_term_string}"},"query-input":{"@type":"PropertyValueSpecification","valueRequired":true,"valueName":"search_term_string"}}],"inLanguage":"de"},{"@type":"Organization","@id":"https:\/\/www.haekelfieber.de\/wp-blog\/#organization","name":"H\u00e4kelfieber","url":"https:\/\/www.haekelfieber.de\/wp-blog\/","logo":{"@type":"ImageObject","inLanguage":"de","@id":"https:\/\/www.haekelfieber.de\/wp-blog\/#\/schema\/logo\/image\/","url":"https:\/\/www.haekelfieber.de\/wp-blog\/wp-content\/uploads\/2023\/03\/kissen-haekeln2.jpg","contentUrl":"https:\/\/www.haekelfieber.de\/wp-blog\/wp-content\/uploads\/2023\/03\/kissen-haekeln2.jpg","width":683,"height":1024,"caption":"H\u00e4kelfieber"},"image":{"@id":"https:\/\/www.haekelfieber.de\/wp-blog\/#\/schema\/logo\/image\/"}},{"@type":"Person","@id":"https:\/\/www.haekelfieber.de\/wp-blog\/#\/schema\/person\/08b81f8e0d3480519aadc66881dee8d7","name":"Jutta","image":{"@type":"ImageObject","inLanguage":"de","@id":"https:\/\/secure.gravatar.com\/avatar\/4fb96a09981d3eab52fd94765c38a5395ca69a563a8cd98c172ef85375636d9d?s=96&d=mm&r=g","url":"https:\/\/secure.gravatar.com\/avatar\/4fb96a09981d3eab52fd94765c38a5395ca69a563a8cd98c172ef85375636d9d?s=96&d=mm&r=g","contentUrl":"https:\/\/secure.gravatar.com\/avatar\/4fb96a09981d3eab52fd94765c38a5395ca69a563a8cd98c172ef85375636d9d?s=96&d=mm&r=g","caption":"Jutta"},"url":"https:\/\/www.haekelfieber.de\/wp-blog\/author\/admin\/"}]}},"_links":{"self":[{"href":"https:\/\/www.haekelfieber.de\/wp-blog\/wp-json\/wp\/v2\/posts\/7785","targetHints":{"allow":["GET"]}}],"collection":[{"href":"https:\/\/www.haekelfieber.de\/wp-blog\/wp-json\/wp\/v2\/posts"}],"about":[{"href":"https:\/\/www.haekelfieber.de\/wp-blog\/wp-json\/wp\/v2\/types\/post"}],"author":[{"embeddable":true,"href":"https:\/\/www.haekelfieber.de\/wp-blog\/wp-json\/wp\/v2\/users\/1"}],"replies":[{"embeddable":true,"href":"https:\/\/www.haekelfieber.de\/wp-blog\/wp-json\/wp\/v2\/comments?post=7785"}],"version-history":[{"count":2,"href":"https:\/\/www.haekelfieber.de\/wp-blog\/wp-json\/wp\/v2\/posts\/7785\/revisions"}],"predecessor-version":[{"id":7792,"href":"https:\/\/www.haekelfieber.de\/wp-blog\/wp-json\/wp\/v2\/posts\/7785\/revisions\/7792"}],"wp:attachment":[{"href":"https:\/\/www.haekelfieber.de\/wp-blog\/wp-json\/wp\/v2\/media?parent=7785"}],"wp:term":[{"taxonomy":"category","embeddable":true,"href":"https:\/\/www.haekelfieber.de\/wp-blog\/wp-json\/wp\/v2\/categories?post=7785"},{"taxonomy":"post_tag","embeddable":true,"href":"https:\/\/www.haekelfieber.de\/wp-blog\/wp-json\/wp\/v2\/tags?post=7785"}],"curies":[{"name":"wp","href":"https:\/\/api.w.org\/{rel}","templated":true}]}}