{"id":7821,"date":"2018-02-07T17:25:55","date_gmt":"2018-02-07T16:25:55","guid":{"rendered":"http:\/\/www.haekelfieber.de\/wp-blog\/?p=7821"},"modified":"2018-02-07T17:36:36","modified_gmt":"2018-02-07T16:36:36","slug":"ich-und-wolllaeden","status":"publish","type":"post","link":"https:\/\/www.haekelfieber.de\/wp-blog\/2018\/02\/ich-und-wolllaeden\/","title":{"rendered":"Ich und Wolll\u00e4den"},"content":{"rendered":"<p>Meine Beziehung zu Wollgesch\u00e4ften ist in letzter Zeit spannend. Das ist jetzt positiv formuliert.\u00a0 In letzter Zeit hab ich also vermehrt Wolll\u00e4den aufgesucht, um mir neues Arbeitsmaterial zu besorgen. Tut man ja dort. Wolle kaufen. Wolll\u00e4den sind ja voll mit diesem Produkt.<br \/>\nJetzt kommt das &#8222;aber&#8220; ins Spiel. Mit meinen Produktw\u00fcnschen sto\u00dfe ich oft an die Grenzen des Machbaren. Nicht dass ich Wolle des kausakischen Hochebenenschafes kaufen m\u00f6chte, welches von athletischen, halbnackten J\u00fcnglingen liebevoll versponnen und bei Vollmond unter rituellen Wollges\u00e4ngen mit seltenen Pflanzenfasern, welche jahrzehntelang in handgemachten Eichenf\u00e4ssern ihre volle Farbwirkung entfaltet haben, eingef\u00e4rbt wird. Nein, nein. Ich will nur Acrylgarn und manchmal ein einfaches Baumwollgarn.<br \/>\nBei meinem Begehr ernte ich Blicke! &#8222;So etwas f\u00fchren wir nicht!&#8220;,\u00a0 &#8222;Gehen Sie mal zu Karstadt. Dort m\u00fcsste es so etwas geben&#8220; Das Ganze so von oben herab. Hab ich dann doch mal Gl\u00fcck in einem Laden, findet sich das Acrylgarn irgendwo tief unten im Regal oder das Baumwollgarn in einer dunklen Ecke. In einem von sieben Gesch\u00e4ften, erhalte ich das Gew\u00fcnschte, wenn auch zu einem erheblich h\u00f6heren Preis, wie im Internet.<br \/>\nImmer wieder gehe ich voll Vorfreude in Wolll\u00e4den, um frustriert wieder herauszukommen. Es gr\u00fc\u00dft das Murmeltier.<br \/>\nSorry! Ich h\u00e4kle nur \u00fcberwiegend Dekokram. Daf\u00fcr brauche ich nicht ein Seiden-Alpaka-Gemisch, das Kn\u00e4uel f\u00fcr 9 Euro. Ich bin ganz profan unterwegs, in meinem Hobby.<br \/>\nSelbst das Baumwollgarn ist Drama. Die Farbpalette unter aller Kanone. Nochmal Sorry! Anscheinend bin ich keine richtige Handarbeiterin. Verwende ich doch solchen Garnm\u00fcll. Garnm\u00fcll in den Augen diverser Wollladenbesitzer.<br \/>\nJaaaaa, ich hab die Schnauze voll. Anders kann ich es nicht mehr formulieren. So eine elit\u00e4re Wollklassengesellschaft. Bum! Wieder mal blicke ich neidisch zu den Niederl\u00e4ndern. Sie kultivieren das &#8222;profane&#8220;. Baumwolle in den sch\u00f6nsten Farben und nettes H\u00e4kelschnickeldi ohne Ende. B\u00e4m.<br \/>\nSo. Gehe jetzt ins Internet und bestell mir das was ich brauche. Ganz entspannt, ohne pikierte Blicke zu ernten. Nebenbei trink ich ein T\u00e4sschen Kaffee und genie\u00dfe die angebotene Vielfalt.<\/p>\n","protected":false},"excerpt":{"rendered":"<p>Meine Beziehung zu Wollgesch\u00e4ften ist in letzter Zeit spannend. Das ist jetzt positiv formuliert.\u00a0 In letzter Zeit hab ich also vermehrt Wolll\u00e4den aufgesucht, um mir neues Arbeitsmaterial zu besorgen. Tut man ja dort. Wolle kaufen. Wolll\u00e4den sind ja voll mit diesem Produkt. Jetzt kommt das &#8222;aber&#8220; ins Spiel. Mit meinen Produktw\u00fcnschen sto\u00dfe ich oft an &hellip; <a href=\"https:\/\/www.haekelfieber.de\/wp-blog\/2018\/02\/ich-und-wolllaeden\/\" class=\"more-link\"><span class=\"screen-reader-text\">Ich und Wolll\u00e4den<\/span> weiterlesen <span class=\"meta-nav\">&rarr;<\/span><\/a><\/p>\n","protected":false},"author":1,"featured_media":0,"comment_status":"open","ping_status":"open","sticky":false,"template":"","format":"standard","meta":{"footnotes":""},"categories":[5,1],"tags":[],"class_list":["post-7821","post","type-post","status-publish","format-standard","hentry","category-haekeln","category-manch-anderes"],"yoast_head":"<!-- This site is optimized with the Yoast SEO plugin v27.4 - https:\/\/yoast.com\/product\/yoast-seo-wordpress\/ -->\n<title>Ich und Wolll\u00e4den - H\u00e4kelfieber<\/title>\n<meta name=\"robots\" content=\"index, follow, max-snippet:-1, max-image-preview:large, max-video-preview:-1\" \/>\n<link rel=\"canonical\" href=\"https:\/\/www.haekelfieber.de\/wp-blog\/2018\/02\/ich-und-wolllaeden\/\" \/>\n<meta property=\"og:locale\" content=\"de_DE\" \/>\n<meta property=\"og:type\" content=\"article\" \/>\n<meta property=\"og:title\" content=\"Ich und Wolll\u00e4den - H\u00e4kelfieber\" \/>\n<meta property=\"og:description\" content=\"Meine Beziehung zu Wollgesch\u00e4ften ist in letzter Zeit spannend. Das ist jetzt positiv formuliert.\u00a0 In letzter Zeit hab ich also vermehrt Wolll\u00e4den aufgesucht, um mir neues Arbeitsmaterial zu besorgen. Tut man ja dort. Wolle kaufen. Wolll\u00e4den sind ja voll mit diesem Produkt. Jetzt kommt das &#8222;aber&#8220; ins Spiel. Mit meinen Produktw\u00fcnschen sto\u00dfe ich oft an &hellip; Ich und Wolll\u00e4den weiterlesen &rarr;\" \/>\n<meta property=\"og:url\" content=\"https:\/\/www.haekelfieber.de\/wp-blog\/2018\/02\/ich-und-wolllaeden\/\" \/>\n<meta property=\"og:site_name\" content=\"H\u00e4kelfieber\" \/>\n<meta property=\"article:published_time\" content=\"2018-02-07T16:25:55+00:00\" \/>\n<meta property=\"article:modified_time\" content=\"2018-02-07T16:36:36+00:00\" \/>\n<meta name=\"author\" content=\"Jutta\" \/>\n<meta name=\"twitter:label1\" content=\"Verfasst von\" \/>\n\t<meta name=\"twitter:data1\" content=\"Jutta\" \/>\n\t<meta name=\"twitter:label2\" content=\"Gesch\u00e4tzte Lesezeit\" \/>\n\t<meta name=\"twitter:data2\" content=\"2\u00a0Minuten\" \/>\n<script type=\"application\/ld+json\" class=\"yoast-schema-graph\">{\"@context\":\"https:\\\/\\\/schema.org\",\"@graph\":[{\"@type\":\"Article\",\"@id\":\"https:\\\/\\\/www.haekelfieber.de\\\/wp-blog\\\/2018\\\/02\\\/ich-und-wolllaeden\\\/#article\",\"isPartOf\":{\"@id\":\"https:\\\/\\\/www.haekelfieber.de\\\/wp-blog\\\/2018\\\/02\\\/ich-und-wolllaeden\\\/\"},\"author\":{\"name\":\"Jutta\",\"@id\":\"https:\\\/\\\/www.haekelfieber.de\\\/wp-blog\\\/#\\\/schema\\\/person\\\/08b81f8e0d3480519aadc66881dee8d7\"},\"headline\":\"Ich und Wolll\u00e4den\",\"datePublished\":\"2018-02-07T16:25:55+00:00\",\"dateModified\":\"2018-02-07T16:36:36+00:00\",\"mainEntityOfPage\":{\"@id\":\"https:\\\/\\\/www.haekelfieber.de\\\/wp-blog\\\/2018\\\/02\\\/ich-und-wolllaeden\\\/\"},\"wordCount\":354,\"commentCount\":14,\"publisher\":{\"@id\":\"https:\\\/\\\/www.haekelfieber.de\\\/wp-blog\\\/#organization\"},\"articleSection\":[\"H\u00e4keln\",\"Manch anderes\"],\"inLanguage\":\"de\",\"potentialAction\":[{\"@type\":\"CommentAction\",\"name\":\"Comment\",\"target\":[\"https:\\\/\\\/www.haekelfieber.de\\\/wp-blog\\\/2018\\\/02\\\/ich-und-wolllaeden\\\/#respond\"]}]},{\"@type\":\"WebPage\",\"@id\":\"https:\\\/\\\/www.haekelfieber.de\\\/wp-blog\\\/2018\\\/02\\\/ich-und-wolllaeden\\\/\",\"url\":\"https:\\\/\\\/www.haekelfieber.de\\\/wp-blog\\\/2018\\\/02\\\/ich-und-wolllaeden\\\/\",\"name\":\"Ich und Wolll\u00e4den - H\u00e4kelfieber\",\"isPartOf\":{\"@id\":\"https:\\\/\\\/www.haekelfieber.de\\\/wp-blog\\\/#website\"},\"datePublished\":\"2018-02-07T16:25:55+00:00\",\"dateModified\":\"2018-02-07T16:36:36+00:00\",\"breadcrumb\":{\"@id\":\"https:\\\/\\\/www.haekelfieber.de\\\/wp-blog\\\/2018\\\/02\\\/ich-und-wolllaeden\\\/#breadcrumb\"},\"inLanguage\":\"de\",\"potentialAction\":[{\"@type\":\"ReadAction\",\"target\":[\"https:\\\/\\\/www.haekelfieber.de\\\/wp-blog\\\/2018\\\/02\\\/ich-und-wolllaeden\\\/\"]}]},{\"@type\":\"BreadcrumbList\",\"@id\":\"https:\\\/\\\/www.haekelfieber.de\\\/wp-blog\\\/2018\\\/02\\\/ich-und-wolllaeden\\\/#breadcrumb\",\"itemListElement\":[{\"@type\":\"ListItem\",\"position\":1,\"name\":\"Home\",\"item\":\"https:\\\/\\\/www.haekelfieber.de\\\/wp-blog\\\/\"},{\"@type\":\"ListItem\",\"position\":2,\"name\":\"Ich und Wolll\u00e4den\"}]},{\"@type\":\"WebSite\",\"@id\":\"https:\\\/\\\/www.haekelfieber.de\\\/wp-blog\\\/#website\",\"url\":\"https:\\\/\\\/www.haekelfieber.de\\\/wp-blog\\\/\",\"name\":\"H\u00e4kelfieber\",\"description\":\"Ich bin im...\",\"publisher\":{\"@id\":\"https:\\\/\\\/www.haekelfieber.de\\\/wp-blog\\\/#organization\"},\"potentialAction\":[{\"@type\":\"SearchAction\",\"target\":{\"@type\":\"EntryPoint\",\"urlTemplate\":\"https:\\\/\\\/www.haekelfieber.de\\\/wp-blog\\\/?s={search_term_string}\"},\"query-input\":{\"@type\":\"PropertyValueSpecification\",\"valueRequired\":true,\"valueName\":\"search_term_string\"}}],\"inLanguage\":\"de\"},{\"@type\":\"Organization\",\"@id\":\"https:\\\/\\\/www.haekelfieber.de\\\/wp-blog\\\/#organization\",\"name\":\"H\u00e4kelfieber\",\"url\":\"https:\\\/\\\/www.haekelfieber.de\\\/wp-blog\\\/\",\"logo\":{\"@type\":\"ImageObject\",\"inLanguage\":\"de\",\"@id\":\"https:\\\/\\\/www.haekelfieber.de\\\/wp-blog\\\/#\\\/schema\\\/logo\\\/image\\\/\",\"url\":\"https:\\\/\\\/www.haekelfieber.de\\\/wp-blog\\\/wp-content\\\/uploads\\\/2023\\\/03\\\/kissen-haekeln2.jpg\",\"contentUrl\":\"https:\\\/\\\/www.haekelfieber.de\\\/wp-blog\\\/wp-content\\\/uploads\\\/2023\\\/03\\\/kissen-haekeln2.jpg\",\"width\":683,\"height\":1024,\"caption\":\"H\u00e4kelfieber\"},\"image\":{\"@id\":\"https:\\\/\\\/www.haekelfieber.de\\\/wp-blog\\\/#\\\/schema\\\/logo\\\/image\\\/\"}},{\"@type\":\"Person\",\"@id\":\"https:\\\/\\\/www.haekelfieber.de\\\/wp-blog\\\/#\\\/schema\\\/person\\\/08b81f8e0d3480519aadc66881dee8d7\",\"name\":\"Jutta\",\"image\":{\"@type\":\"ImageObject\",\"inLanguage\":\"de\",\"@id\":\"https:\\\/\\\/secure.gravatar.com\\\/avatar\\\/4fb96a09981d3eab52fd94765c38a5395ca69a563a8cd98c172ef85375636d9d?s=96&d=mm&r=g\",\"url\":\"https:\\\/\\\/secure.gravatar.com\\\/avatar\\\/4fb96a09981d3eab52fd94765c38a5395ca69a563a8cd98c172ef85375636d9d?s=96&d=mm&r=g\",\"contentUrl\":\"https:\\\/\\\/secure.gravatar.com\\\/avatar\\\/4fb96a09981d3eab52fd94765c38a5395ca69a563a8cd98c172ef85375636d9d?s=96&d=mm&r=g\",\"caption\":\"Jutta\"},\"url\":\"https:\\\/\\\/www.haekelfieber.de\\\/wp-blog\\\/author\\\/admin\\\/\"}]}<\/script>\n<!-- \/ Yoast SEO plugin. -->","yoast_head_json":{"title":"Ich und Wolll\u00e4den - H\u00e4kelfieber","robots":{"index":"index","follow":"follow","max-snippet":"max-snippet:-1","max-image-preview":"max-image-preview:large","max-video-preview":"max-video-preview:-1"},"canonical":"https:\/\/www.haekelfieber.de\/wp-blog\/2018\/02\/ich-und-wolllaeden\/","og_locale":"de_DE","og_type":"article","og_title":"Ich und Wolll\u00e4den - H\u00e4kelfieber","og_description":"Meine Beziehung zu Wollgesch\u00e4ften ist in letzter Zeit spannend. Das ist jetzt positiv formuliert.\u00a0 In letzter Zeit hab ich also vermehrt Wolll\u00e4den aufgesucht, um mir neues Arbeitsmaterial zu besorgen. Tut man ja dort. Wolle kaufen. Wolll\u00e4den sind ja voll mit diesem Produkt. Jetzt kommt das &#8222;aber&#8220; ins Spiel. Mit meinen Produktw\u00fcnschen sto\u00dfe ich oft an &hellip; Ich und Wolll\u00e4den weiterlesen &rarr;","og_url":"https:\/\/www.haekelfieber.de\/wp-blog\/2018\/02\/ich-und-wolllaeden\/","og_site_name":"H\u00e4kelfieber","article_published_time":"2018-02-07T16:25:55+00:00","article_modified_time":"2018-02-07T16:36:36+00:00","author":"Jutta","twitter_misc":{"Verfasst von":"Jutta","Gesch\u00e4tzte Lesezeit":"2\u00a0Minuten"},"schema":{"@context":"https:\/\/schema.org","@graph":[{"@type":"Article","@id":"https:\/\/www.haekelfieber.de\/wp-blog\/2018\/02\/ich-und-wolllaeden\/#article","isPartOf":{"@id":"https:\/\/www.haekelfieber.de\/wp-blog\/2018\/02\/ich-und-wolllaeden\/"},"author":{"name":"Jutta","@id":"https:\/\/www.haekelfieber.de\/wp-blog\/#\/schema\/person\/08b81f8e0d3480519aadc66881dee8d7"},"headline":"Ich und Wolll\u00e4den","datePublished":"2018-02-07T16:25:55+00:00","dateModified":"2018-02-07T16:36:36+00:00","mainEntityOfPage":{"@id":"https:\/\/www.haekelfieber.de\/wp-blog\/2018\/02\/ich-und-wolllaeden\/"},"wordCount":354,"commentCount":14,"publisher":{"@id":"https:\/\/www.haekelfieber.de\/wp-blog\/#organization"},"articleSection":["H\u00e4keln","Manch anderes"],"inLanguage":"de","potentialAction":[{"@type":"CommentAction","name":"Comment","target":["https:\/\/www.haekelfieber.de\/wp-blog\/2018\/02\/ich-und-wolllaeden\/#respond"]}]},{"@type":"WebPage","@id":"https:\/\/www.haekelfieber.de\/wp-blog\/2018\/02\/ich-und-wolllaeden\/","url":"https:\/\/www.haekelfieber.de\/wp-blog\/2018\/02\/ich-und-wolllaeden\/","name":"Ich und Wolll\u00e4den - H\u00e4kelfieber","isPartOf":{"@id":"https:\/\/www.haekelfieber.de\/wp-blog\/#website"},"datePublished":"2018-02-07T16:25:55+00:00","dateModified":"2018-02-07T16:36:36+00:00","breadcrumb":{"@id":"https:\/\/www.haekelfieber.de\/wp-blog\/2018\/02\/ich-und-wolllaeden\/#breadcrumb"},"inLanguage":"de","potentialAction":[{"@type":"ReadAction","target":["https:\/\/www.haekelfieber.de\/wp-blog\/2018\/02\/ich-und-wolllaeden\/"]}]},{"@type":"BreadcrumbList","@id":"https:\/\/www.haekelfieber.de\/wp-blog\/2018\/02\/ich-und-wolllaeden\/#breadcrumb","itemListElement":[{"@type":"ListItem","position":1,"name":"Home","item":"https:\/\/www.haekelfieber.de\/wp-blog\/"},{"@type":"ListItem","position":2,"name":"Ich und Wolll\u00e4den"}]},{"@type":"WebSite","@id":"https:\/\/www.haekelfieber.de\/wp-blog\/#website","url":"https:\/\/www.haekelfieber.de\/wp-blog\/","name":"H\u00e4kelfieber","description":"Ich bin im...","publisher":{"@id":"https:\/\/www.haekelfieber.de\/wp-blog\/#organization"},"potentialAction":[{"@type":"SearchAction","target":{"@type":"EntryPoint","urlTemplate":"https:\/\/www.haekelfieber.de\/wp-blog\/?s={search_term_string}"},"query-input":{"@type":"PropertyValueSpecification","valueRequired":true,"valueName":"search_term_string"}}],"inLanguage":"de"},{"@type":"Organization","@id":"https:\/\/www.haekelfieber.de\/wp-blog\/#organization","name":"H\u00e4kelfieber","url":"https:\/\/www.haekelfieber.de\/wp-blog\/","logo":{"@type":"ImageObject","inLanguage":"de","@id":"https:\/\/www.haekelfieber.de\/wp-blog\/#\/schema\/logo\/image\/","url":"https:\/\/www.haekelfieber.de\/wp-blog\/wp-content\/uploads\/2023\/03\/kissen-haekeln2.jpg","contentUrl":"https:\/\/www.haekelfieber.de\/wp-blog\/wp-content\/uploads\/2023\/03\/kissen-haekeln2.jpg","width":683,"height":1024,"caption":"H\u00e4kelfieber"},"image":{"@id":"https:\/\/www.haekelfieber.de\/wp-blog\/#\/schema\/logo\/image\/"}},{"@type":"Person","@id":"https:\/\/www.haekelfieber.de\/wp-blog\/#\/schema\/person\/08b81f8e0d3480519aadc66881dee8d7","name":"Jutta","image":{"@type":"ImageObject","inLanguage":"de","@id":"https:\/\/secure.gravatar.com\/avatar\/4fb96a09981d3eab52fd94765c38a5395ca69a563a8cd98c172ef85375636d9d?s=96&d=mm&r=g","url":"https:\/\/secure.gravatar.com\/avatar\/4fb96a09981d3eab52fd94765c38a5395ca69a563a8cd98c172ef85375636d9d?s=96&d=mm&r=g","contentUrl":"https:\/\/secure.gravatar.com\/avatar\/4fb96a09981d3eab52fd94765c38a5395ca69a563a8cd98c172ef85375636d9d?s=96&d=mm&r=g","caption":"Jutta"},"url":"https:\/\/www.haekelfieber.de\/wp-blog\/author\/admin\/"}]}},"_links":{"self":[{"href":"https:\/\/www.haekelfieber.de\/wp-blog\/wp-json\/wp\/v2\/posts\/7821","targetHints":{"allow":["GET"]}}],"collection":[{"href":"https:\/\/www.haekelfieber.de\/wp-blog\/wp-json\/wp\/v2\/posts"}],"about":[{"href":"https:\/\/www.haekelfieber.de\/wp-blog\/wp-json\/wp\/v2\/types\/post"}],"author":[{"embeddable":true,"href":"https:\/\/www.haekelfieber.de\/wp-blog\/wp-json\/wp\/v2\/users\/1"}],"replies":[{"embeddable":true,"href":"https:\/\/www.haekelfieber.de\/wp-blog\/wp-json\/wp\/v2\/comments?post=7821"}],"version-history":[{"count":5,"href":"https:\/\/www.haekelfieber.de\/wp-blog\/wp-json\/wp\/v2\/posts\/7821\/revisions"}],"predecessor-version":[{"id":7826,"href":"https:\/\/www.haekelfieber.de\/wp-blog\/wp-json\/wp\/v2\/posts\/7821\/revisions\/7826"}],"wp:attachment":[{"href":"https:\/\/www.haekelfieber.de\/wp-blog\/wp-json\/wp\/v2\/media?parent=7821"}],"wp:term":[{"taxonomy":"category","embeddable":true,"href":"https:\/\/www.haekelfieber.de\/wp-blog\/wp-json\/wp\/v2\/categories?post=7821"},{"taxonomy":"post_tag","embeddable":true,"href":"https:\/\/www.haekelfieber.de\/wp-blog\/wp-json\/wp\/v2\/tags?post=7821"}],"curies":[{"name":"wp","href":"https:\/\/api.w.org\/{rel}","templated":true}]}}