{"id":7972,"date":"2018-03-29T17:35:49","date_gmt":"2018-03-29T15:35:49","guid":{"rendered":"http:\/\/www.haekelfieber.de\/wp-blog\/?p=7972"},"modified":"2018-03-29T17:36:49","modified_gmt":"2018-03-29T15:36:49","slug":"ein-bubblespueltuch","status":"publish","type":"post","link":"https:\/\/www.haekelfieber.de\/wp-blog\/2018\/03\/ein-bubblespueltuch\/","title":{"rendered":"Ein Bubblesp\u00fcltuch"},"content":{"rendered":"<p><img loading=\"lazy\" decoding=\"async\" class=\"aligncenter size-large wp-image-7980\" src=\"https:\/\/www.haekelfieber.de\/wp-blog\/wp-content\/uploads\/2018\/03\/haekelblog-spueltuch-rico-bubble-garn-2-401x600.jpg\" alt=\"\" width=\"401\" height=\"600\" srcset=\"https:\/\/www.haekelfieber.de\/wp-blog\/wp-content\/uploads\/2018\/03\/haekelblog-spueltuch-rico-bubble-garn-2-401x600.jpg 401w, https:\/\/www.haekelfieber.de\/wp-blog\/wp-content\/uploads\/2018\/03\/haekelblog-spueltuch-rico-bubble-garn-2-200x300.jpg 200w, https:\/\/www.haekelfieber.de\/wp-blog\/wp-content\/uploads\/2018\/03\/haekelblog-spueltuch-rico-bubble-garn-2.jpg 600w\" sizes=\"auto, (max-width: 401px) 100vw, 401px\" \/><\/p>\n<p>Baumwollgarn plus Bubblegarn ergibt ein Sp\u00fcltuch mit Sp\u00fclschwammeffekt. Kann das was? Wei\u00df ich noch nicht. Wird sich zeigen, wenn ich mal mit Putzen anfange. Das kann noch dauern.<br \/>\nAlso im Siff leben wir nicht. Es ist aufger\u00e4umt aber nicht blitzeblank. Muss auch nicht sein. Mit einem kleinen Schmutzanteil lebt es sich sicher ges\u00fcnder, als mit den 4 Millionen Duft- und sonstigen Stoffen. Au\u00dferdem ist es sehr umweltfreundlich kein so aggressives Zeug zu benutzen. Am besten ganz vermeiden. Mein neuer Slogan: Eine gute Staubschicht f\u00fcr eine gesunde Umwelt! Mach mit! \ud83d\ude09<\/p>\n<p><img loading=\"lazy\" decoding=\"async\" class=\"aligncenter size-large wp-image-7976\" src=\"https:\/\/www.haekelfieber.de\/wp-blog\/wp-content\/uploads\/2018\/03\/haekelblog-spueltuch-rico-bubble-garn-6-401x600.jpg\" alt=\"\" width=\"401\" height=\"600\" srcset=\"https:\/\/www.haekelfieber.de\/wp-blog\/wp-content\/uploads\/2018\/03\/haekelblog-spueltuch-rico-bubble-garn-6-401x600.jpg 401w, https:\/\/www.haekelfieber.de\/wp-blog\/wp-content\/uploads\/2018\/03\/haekelblog-spueltuch-rico-bubble-garn-6-200x300.jpg 200w, https:\/\/www.haekelfieber.de\/wp-blog\/wp-content\/uploads\/2018\/03\/haekelblog-spueltuch-rico-bubble-garn-6.jpg 600w\" sizes=\"auto, (max-width: 401px) 100vw, 401px\" \/><\/p>\n<p>&nbsp;<\/p>\n<p><img loading=\"lazy\" decoding=\"async\" class=\"aligncenter size-large wp-image-7977\" src=\"https:\/\/www.haekelfieber.de\/wp-blog\/wp-content\/uploads\/2018\/03\/haekelblog-spueltuch-rico-bubble-garn-5-401x600.jpg\" alt=\"\" width=\"401\" height=\"600\" srcset=\"https:\/\/www.haekelfieber.de\/wp-blog\/wp-content\/uploads\/2018\/03\/haekelblog-spueltuch-rico-bubble-garn-5-401x600.jpg 401w, https:\/\/www.haekelfieber.de\/wp-blog\/wp-content\/uploads\/2018\/03\/haekelblog-spueltuch-rico-bubble-garn-5-200x300.jpg 200w, https:\/\/www.haekelfieber.de\/wp-blog\/wp-content\/uploads\/2018\/03\/haekelblog-spueltuch-rico-bubble-garn-5.jpg 600w\" sizes=\"auto, (max-width: 401px) 100vw, 401px\" \/><\/p>\n<p>&nbsp;<\/p>\n<p><img loading=\"lazy\" decoding=\"async\" class=\"aligncenter size-large wp-image-7978\" src=\"https:\/\/www.haekelfieber.de\/wp-blog\/wp-content\/uploads\/2018\/03\/haekelblog-spueltuch-rico-bubble-garn-4-401x600.jpg\" alt=\"\" width=\"401\" height=\"600\" srcset=\"https:\/\/www.haekelfieber.de\/wp-blog\/wp-content\/uploads\/2018\/03\/haekelblog-spueltuch-rico-bubble-garn-4-401x600.jpg 401w, https:\/\/www.haekelfieber.de\/wp-blog\/wp-content\/uploads\/2018\/03\/haekelblog-spueltuch-rico-bubble-garn-4-200x300.jpg 200w, https:\/\/www.haekelfieber.de\/wp-blog\/wp-content\/uploads\/2018\/03\/haekelblog-spueltuch-rico-bubble-garn-4.jpg 600w\" sizes=\"auto, (max-width: 401px) 100vw, 401px\" \/><\/p>\n<p>&nbsp;<\/p>\n<p><img loading=\"lazy\" decoding=\"async\" class=\"aligncenter size-large wp-image-7973\" src=\"https:\/\/www.haekelfieber.de\/wp-blog\/wp-content\/uploads\/2018\/03\/haekelblog-spueltuch-rico-bubble-garn-1-401x600.jpg\" alt=\"\" width=\"401\" height=\"600\" srcset=\"https:\/\/www.haekelfieber.de\/wp-blog\/wp-content\/uploads\/2018\/03\/haekelblog-spueltuch-rico-bubble-garn-1-401x600.jpg 401w, https:\/\/www.haekelfieber.de\/wp-blog\/wp-content\/uploads\/2018\/03\/haekelblog-spueltuch-rico-bubble-garn-1-200x300.jpg 200w, https:\/\/www.haekelfieber.de\/wp-blog\/wp-content\/uploads\/2018\/03\/haekelblog-spueltuch-rico-bubble-garn-1.jpg 600w\" sizes=\"auto, (max-width: 401px) 100vw, 401px\" \/><\/p>\n","protected":false},"excerpt":{"rendered":"<p>Baumwollgarn plus Bubblegarn ergibt ein Sp\u00fcltuch mit Sp\u00fclschwammeffekt. Kann das was? Wei\u00df ich noch nicht. Wird sich zeigen, wenn ich mal mit Putzen anfange. Das kann noch dauern. Also im Siff leben wir nicht. Es ist aufger\u00e4umt aber nicht blitzeblank. Muss auch nicht sein. Mit einem kleinen Schmutzanteil lebt es sich sicher ges\u00fcnder, als mit &hellip; <a href=\"https:\/\/www.haekelfieber.de\/wp-blog\/2018\/03\/ein-bubblespueltuch\/\" class=\"more-link\"><span class=\"screen-reader-text\">Ein Bubblesp\u00fcltuch<\/span> weiterlesen <span class=\"meta-nav\">&rarr;<\/span><\/a><\/p>\n","protected":false},"author":1,"featured_media":0,"comment_status":"open","ping_status":"open","sticky":false,"template":"","format":"standard","meta":{"footnotes":""},"categories":[5],"tags":[],"class_list":["post-7972","post","type-post","status-publish","format-standard","hentry","category-haekeln"],"yoast_head":"<!-- This site is optimized with the Yoast SEO plugin v27.4 - https:\/\/yoast.com\/product\/yoast-seo-wordpress\/ -->\n<title>Ein Bubblesp\u00fcltuch - H\u00e4kelfieber<\/title>\n<meta name=\"robots\" content=\"index, follow, max-snippet:-1, max-image-preview:large, max-video-preview:-1\" \/>\n<link rel=\"canonical\" href=\"https:\/\/www.haekelfieber.de\/wp-blog\/2018\/03\/ein-bubblespueltuch\/\" \/>\n<meta property=\"og:locale\" content=\"de_DE\" \/>\n<meta property=\"og:type\" content=\"article\" \/>\n<meta property=\"og:title\" content=\"Ein Bubblesp\u00fcltuch - H\u00e4kelfieber\" \/>\n<meta property=\"og:description\" content=\"Baumwollgarn plus Bubblegarn ergibt ein Sp\u00fcltuch mit Sp\u00fclschwammeffekt. Kann das was? Wei\u00df ich noch nicht. Wird sich zeigen, wenn ich mal mit Putzen anfange. Das kann noch dauern. Also im Siff leben wir nicht. Es ist aufger\u00e4umt aber nicht blitzeblank. Muss auch nicht sein. Mit einem kleinen Schmutzanteil lebt es sich sicher ges\u00fcnder, als mit &hellip; Ein Bubblesp\u00fcltuch weiterlesen &rarr;\" \/>\n<meta property=\"og:url\" content=\"https:\/\/www.haekelfieber.de\/wp-blog\/2018\/03\/ein-bubblespueltuch\/\" \/>\n<meta property=\"og:site_name\" content=\"H\u00e4kelfieber\" \/>\n<meta property=\"article:published_time\" content=\"2018-03-29T15:35:49+00:00\" \/>\n<meta property=\"article:modified_time\" content=\"2018-03-29T15:36:49+00:00\" \/>\n<meta property=\"og:image\" content=\"https:\/\/www.haekelfieber.de\/wp-blog\/wp-content\/uploads\/2018\/03\/haekelblog-spueltuch-rico-bubble-garn-2-401x600.jpg\" \/>\n<meta name=\"author\" content=\"Jutta\" \/>\n<meta name=\"twitter:label1\" content=\"Verfasst von\" \/>\n\t<meta name=\"twitter:data1\" content=\"Jutta\" \/>\n<script type=\"application\/ld+json\" class=\"yoast-schema-graph\">{\"@context\":\"https:\\\/\\\/schema.org\",\"@graph\":[{\"@type\":\"Article\",\"@id\":\"https:\\\/\\\/www.haekelfieber.de\\\/wp-blog\\\/2018\\\/03\\\/ein-bubblespueltuch\\\/#article\",\"isPartOf\":{\"@id\":\"https:\\\/\\\/www.haekelfieber.de\\\/wp-blog\\\/2018\\\/03\\\/ein-bubblespueltuch\\\/\"},\"author\":{\"name\":\"Jutta\",\"@id\":\"https:\\\/\\\/www.haekelfieber.de\\\/wp-blog\\\/#\\\/schema\\\/person\\\/08b81f8e0d3480519aadc66881dee8d7\"},\"headline\":\"Ein Bubblesp\u00fcltuch\",\"datePublished\":\"2018-03-29T15:35:49+00:00\",\"dateModified\":\"2018-03-29T15:36:49+00:00\",\"mainEntityOfPage\":{\"@id\":\"https:\\\/\\\/www.haekelfieber.de\\\/wp-blog\\\/2018\\\/03\\\/ein-bubblespueltuch\\\/\"},\"wordCount\":100,\"commentCount\":7,\"publisher\":{\"@id\":\"https:\\\/\\\/www.haekelfieber.de\\\/wp-blog\\\/#organization\"},\"image\":{\"@id\":\"https:\\\/\\\/www.haekelfieber.de\\\/wp-blog\\\/2018\\\/03\\\/ein-bubblespueltuch\\\/#primaryimage\"},\"thumbnailUrl\":\"https:\\\/\\\/www.haekelfieber.de\\\/wp-blog\\\/wp-content\\\/uploads\\\/2018\\\/03\\\/haekelblog-spueltuch-rico-bubble-garn-2-401x600.jpg\",\"articleSection\":[\"H\u00e4keln\"],\"inLanguage\":\"de\",\"potentialAction\":[{\"@type\":\"CommentAction\",\"name\":\"Comment\",\"target\":[\"https:\\\/\\\/www.haekelfieber.de\\\/wp-blog\\\/2018\\\/03\\\/ein-bubblespueltuch\\\/#respond\"]}]},{\"@type\":\"WebPage\",\"@id\":\"https:\\\/\\\/www.haekelfieber.de\\\/wp-blog\\\/2018\\\/03\\\/ein-bubblespueltuch\\\/\",\"url\":\"https:\\\/\\\/www.haekelfieber.de\\\/wp-blog\\\/2018\\\/03\\\/ein-bubblespueltuch\\\/\",\"name\":\"Ein Bubblesp\u00fcltuch - H\u00e4kelfieber\",\"isPartOf\":{\"@id\":\"https:\\\/\\\/www.haekelfieber.de\\\/wp-blog\\\/#website\"},\"primaryImageOfPage\":{\"@id\":\"https:\\\/\\\/www.haekelfieber.de\\\/wp-blog\\\/2018\\\/03\\\/ein-bubblespueltuch\\\/#primaryimage\"},\"image\":{\"@id\":\"https:\\\/\\\/www.haekelfieber.de\\\/wp-blog\\\/2018\\\/03\\\/ein-bubblespueltuch\\\/#primaryimage\"},\"thumbnailUrl\":\"https:\\\/\\\/www.haekelfieber.de\\\/wp-blog\\\/wp-content\\\/uploads\\\/2018\\\/03\\\/haekelblog-spueltuch-rico-bubble-garn-2-401x600.jpg\",\"datePublished\":\"2018-03-29T15:35:49+00:00\",\"dateModified\":\"2018-03-29T15:36:49+00:00\",\"breadcrumb\":{\"@id\":\"https:\\\/\\\/www.haekelfieber.de\\\/wp-blog\\\/2018\\\/03\\\/ein-bubblespueltuch\\\/#breadcrumb\"},\"inLanguage\":\"de\",\"potentialAction\":[{\"@type\":\"ReadAction\",\"target\":[\"https:\\\/\\\/www.haekelfieber.de\\\/wp-blog\\\/2018\\\/03\\\/ein-bubblespueltuch\\\/\"]}]},{\"@type\":\"ImageObject\",\"inLanguage\":\"de\",\"@id\":\"https:\\\/\\\/www.haekelfieber.de\\\/wp-blog\\\/2018\\\/03\\\/ein-bubblespueltuch\\\/#primaryimage\",\"url\":\"https:\\\/\\\/www.haekelfieber.de\\\/wp-blog\\\/wp-content\\\/uploads\\\/2018\\\/03\\\/haekelblog-spueltuch-rico-bubble-garn-2.jpg\",\"contentUrl\":\"https:\\\/\\\/www.haekelfieber.de\\\/wp-blog\\\/wp-content\\\/uploads\\\/2018\\\/03\\\/haekelblog-spueltuch-rico-bubble-garn-2.jpg\",\"width\":600,\"height\":898},{\"@type\":\"BreadcrumbList\",\"@id\":\"https:\\\/\\\/www.haekelfieber.de\\\/wp-blog\\\/2018\\\/03\\\/ein-bubblespueltuch\\\/#breadcrumb\",\"itemListElement\":[{\"@type\":\"ListItem\",\"position\":1,\"name\":\"Home\",\"item\":\"https:\\\/\\\/www.haekelfieber.de\\\/wp-blog\\\/\"},{\"@type\":\"ListItem\",\"position\":2,\"name\":\"Ein Bubblesp\u00fcltuch\"}]},{\"@type\":\"WebSite\",\"@id\":\"https:\\\/\\\/www.haekelfieber.de\\\/wp-blog\\\/#website\",\"url\":\"https:\\\/\\\/www.haekelfieber.de\\\/wp-blog\\\/\",\"name\":\"H\u00e4kelfieber\",\"description\":\"Ich bin im...\",\"publisher\":{\"@id\":\"https:\\\/\\\/www.haekelfieber.de\\\/wp-blog\\\/#organization\"},\"potentialAction\":[{\"@type\":\"SearchAction\",\"target\":{\"@type\":\"EntryPoint\",\"urlTemplate\":\"https:\\\/\\\/www.haekelfieber.de\\\/wp-blog\\\/?s={search_term_string}\"},\"query-input\":{\"@type\":\"PropertyValueSpecification\",\"valueRequired\":true,\"valueName\":\"search_term_string\"}}],\"inLanguage\":\"de\"},{\"@type\":\"Organization\",\"@id\":\"https:\\\/\\\/www.haekelfieber.de\\\/wp-blog\\\/#organization\",\"name\":\"H\u00e4kelfieber\",\"url\":\"https:\\\/\\\/www.haekelfieber.de\\\/wp-blog\\\/\",\"logo\":{\"@type\":\"ImageObject\",\"inLanguage\":\"de\",\"@id\":\"https:\\\/\\\/www.haekelfieber.de\\\/wp-blog\\\/#\\\/schema\\\/logo\\\/image\\\/\",\"url\":\"https:\\\/\\\/www.haekelfieber.de\\\/wp-blog\\\/wp-content\\\/uploads\\\/2023\\\/03\\\/kissen-haekeln2.jpg\",\"contentUrl\":\"https:\\\/\\\/www.haekelfieber.de\\\/wp-blog\\\/wp-content\\\/uploads\\\/2023\\\/03\\\/kissen-haekeln2.jpg\",\"width\":683,\"height\":1024,\"caption\":\"H\u00e4kelfieber\"},\"image\":{\"@id\":\"https:\\\/\\\/www.haekelfieber.de\\\/wp-blog\\\/#\\\/schema\\\/logo\\\/image\\\/\"}},{\"@type\":\"Person\",\"@id\":\"https:\\\/\\\/www.haekelfieber.de\\\/wp-blog\\\/#\\\/schema\\\/person\\\/08b81f8e0d3480519aadc66881dee8d7\",\"name\":\"Jutta\",\"image\":{\"@type\":\"ImageObject\",\"inLanguage\":\"de\",\"@id\":\"https:\\\/\\\/secure.gravatar.com\\\/avatar\\\/4fb96a09981d3eab52fd94765c38a5395ca69a563a8cd98c172ef85375636d9d?s=96&d=mm&r=g\",\"url\":\"https:\\\/\\\/secure.gravatar.com\\\/avatar\\\/4fb96a09981d3eab52fd94765c38a5395ca69a563a8cd98c172ef85375636d9d?s=96&d=mm&r=g\",\"contentUrl\":\"https:\\\/\\\/secure.gravatar.com\\\/avatar\\\/4fb96a09981d3eab52fd94765c38a5395ca69a563a8cd98c172ef85375636d9d?s=96&d=mm&r=g\",\"caption\":\"Jutta\"},\"url\":\"https:\\\/\\\/www.haekelfieber.de\\\/wp-blog\\\/author\\\/admin\\\/\"}]}<\/script>\n<!-- \/ Yoast SEO plugin. -->","yoast_head_json":{"title":"Ein Bubblesp\u00fcltuch - H\u00e4kelfieber","robots":{"index":"index","follow":"follow","max-snippet":"max-snippet:-1","max-image-preview":"max-image-preview:large","max-video-preview":"max-video-preview:-1"},"canonical":"https:\/\/www.haekelfieber.de\/wp-blog\/2018\/03\/ein-bubblespueltuch\/","og_locale":"de_DE","og_type":"article","og_title":"Ein Bubblesp\u00fcltuch - H\u00e4kelfieber","og_description":"Baumwollgarn plus Bubblegarn ergibt ein Sp\u00fcltuch mit Sp\u00fclschwammeffekt. Kann das was? Wei\u00df ich noch nicht. Wird sich zeigen, wenn ich mal mit Putzen anfange. Das kann noch dauern. Also im Siff leben wir nicht. Es ist aufger\u00e4umt aber nicht blitzeblank. Muss auch nicht sein. Mit einem kleinen Schmutzanteil lebt es sich sicher ges\u00fcnder, als mit &hellip; Ein Bubblesp\u00fcltuch weiterlesen &rarr;","og_url":"https:\/\/www.haekelfieber.de\/wp-blog\/2018\/03\/ein-bubblespueltuch\/","og_site_name":"H\u00e4kelfieber","article_published_time":"2018-03-29T15:35:49+00:00","article_modified_time":"2018-03-29T15:36:49+00:00","og_image":[{"url":"https:\/\/www.haekelfieber.de\/wp-blog\/wp-content\/uploads\/2018\/03\/haekelblog-spueltuch-rico-bubble-garn-2-401x600.jpg","type":"","width":"","height":""}],"author":"Jutta","twitter_misc":{"Verfasst von":"Jutta"},"schema":{"@context":"https:\/\/schema.org","@graph":[{"@type":"Article","@id":"https:\/\/www.haekelfieber.de\/wp-blog\/2018\/03\/ein-bubblespueltuch\/#article","isPartOf":{"@id":"https:\/\/www.haekelfieber.de\/wp-blog\/2018\/03\/ein-bubblespueltuch\/"},"author":{"name":"Jutta","@id":"https:\/\/www.haekelfieber.de\/wp-blog\/#\/schema\/person\/08b81f8e0d3480519aadc66881dee8d7"},"headline":"Ein Bubblesp\u00fcltuch","datePublished":"2018-03-29T15:35:49+00:00","dateModified":"2018-03-29T15:36:49+00:00","mainEntityOfPage":{"@id":"https:\/\/www.haekelfieber.de\/wp-blog\/2018\/03\/ein-bubblespueltuch\/"},"wordCount":100,"commentCount":7,"publisher":{"@id":"https:\/\/www.haekelfieber.de\/wp-blog\/#organization"},"image":{"@id":"https:\/\/www.haekelfieber.de\/wp-blog\/2018\/03\/ein-bubblespueltuch\/#primaryimage"},"thumbnailUrl":"https:\/\/www.haekelfieber.de\/wp-blog\/wp-content\/uploads\/2018\/03\/haekelblog-spueltuch-rico-bubble-garn-2-401x600.jpg","articleSection":["H\u00e4keln"],"inLanguage":"de","potentialAction":[{"@type":"CommentAction","name":"Comment","target":["https:\/\/www.haekelfieber.de\/wp-blog\/2018\/03\/ein-bubblespueltuch\/#respond"]}]},{"@type":"WebPage","@id":"https:\/\/www.haekelfieber.de\/wp-blog\/2018\/03\/ein-bubblespueltuch\/","url":"https:\/\/www.haekelfieber.de\/wp-blog\/2018\/03\/ein-bubblespueltuch\/","name":"Ein Bubblesp\u00fcltuch - H\u00e4kelfieber","isPartOf":{"@id":"https:\/\/www.haekelfieber.de\/wp-blog\/#website"},"primaryImageOfPage":{"@id":"https:\/\/www.haekelfieber.de\/wp-blog\/2018\/03\/ein-bubblespueltuch\/#primaryimage"},"image":{"@id":"https:\/\/www.haekelfieber.de\/wp-blog\/2018\/03\/ein-bubblespueltuch\/#primaryimage"},"thumbnailUrl":"https:\/\/www.haekelfieber.de\/wp-blog\/wp-content\/uploads\/2018\/03\/haekelblog-spueltuch-rico-bubble-garn-2-401x600.jpg","datePublished":"2018-03-29T15:35:49+00:00","dateModified":"2018-03-29T15:36:49+00:00","breadcrumb":{"@id":"https:\/\/www.haekelfieber.de\/wp-blog\/2018\/03\/ein-bubblespueltuch\/#breadcrumb"},"inLanguage":"de","potentialAction":[{"@type":"ReadAction","target":["https:\/\/www.haekelfieber.de\/wp-blog\/2018\/03\/ein-bubblespueltuch\/"]}]},{"@type":"ImageObject","inLanguage":"de","@id":"https:\/\/www.haekelfieber.de\/wp-blog\/2018\/03\/ein-bubblespueltuch\/#primaryimage","url":"https:\/\/www.haekelfieber.de\/wp-blog\/wp-content\/uploads\/2018\/03\/haekelblog-spueltuch-rico-bubble-garn-2.jpg","contentUrl":"https:\/\/www.haekelfieber.de\/wp-blog\/wp-content\/uploads\/2018\/03\/haekelblog-spueltuch-rico-bubble-garn-2.jpg","width":600,"height":898},{"@type":"BreadcrumbList","@id":"https:\/\/www.haekelfieber.de\/wp-blog\/2018\/03\/ein-bubblespueltuch\/#breadcrumb","itemListElement":[{"@type":"ListItem","position":1,"name":"Home","item":"https:\/\/www.haekelfieber.de\/wp-blog\/"},{"@type":"ListItem","position":2,"name":"Ein Bubblesp\u00fcltuch"}]},{"@type":"WebSite","@id":"https:\/\/www.haekelfieber.de\/wp-blog\/#website","url":"https:\/\/www.haekelfieber.de\/wp-blog\/","name":"H\u00e4kelfieber","description":"Ich bin im...","publisher":{"@id":"https:\/\/www.haekelfieber.de\/wp-blog\/#organization"},"potentialAction":[{"@type":"SearchAction","target":{"@type":"EntryPoint","urlTemplate":"https:\/\/www.haekelfieber.de\/wp-blog\/?s={search_term_string}"},"query-input":{"@type":"PropertyValueSpecification","valueRequired":true,"valueName":"search_term_string"}}],"inLanguage":"de"},{"@type":"Organization","@id":"https:\/\/www.haekelfieber.de\/wp-blog\/#organization","name":"H\u00e4kelfieber","url":"https:\/\/www.haekelfieber.de\/wp-blog\/","logo":{"@type":"ImageObject","inLanguage":"de","@id":"https:\/\/www.haekelfieber.de\/wp-blog\/#\/schema\/logo\/image\/","url":"https:\/\/www.haekelfieber.de\/wp-blog\/wp-content\/uploads\/2023\/03\/kissen-haekeln2.jpg","contentUrl":"https:\/\/www.haekelfieber.de\/wp-blog\/wp-content\/uploads\/2023\/03\/kissen-haekeln2.jpg","width":683,"height":1024,"caption":"H\u00e4kelfieber"},"image":{"@id":"https:\/\/www.haekelfieber.de\/wp-blog\/#\/schema\/logo\/image\/"}},{"@type":"Person","@id":"https:\/\/www.haekelfieber.de\/wp-blog\/#\/schema\/person\/08b81f8e0d3480519aadc66881dee8d7","name":"Jutta","image":{"@type":"ImageObject","inLanguage":"de","@id":"https:\/\/secure.gravatar.com\/avatar\/4fb96a09981d3eab52fd94765c38a5395ca69a563a8cd98c172ef85375636d9d?s=96&d=mm&r=g","url":"https:\/\/secure.gravatar.com\/avatar\/4fb96a09981d3eab52fd94765c38a5395ca69a563a8cd98c172ef85375636d9d?s=96&d=mm&r=g","contentUrl":"https:\/\/secure.gravatar.com\/avatar\/4fb96a09981d3eab52fd94765c38a5395ca69a563a8cd98c172ef85375636d9d?s=96&d=mm&r=g","caption":"Jutta"},"url":"https:\/\/www.haekelfieber.de\/wp-blog\/author\/admin\/"}]}},"_links":{"self":[{"href":"https:\/\/www.haekelfieber.de\/wp-blog\/wp-json\/wp\/v2\/posts\/7972","targetHints":{"allow":["GET"]}}],"collection":[{"href":"https:\/\/www.haekelfieber.de\/wp-blog\/wp-json\/wp\/v2\/posts"}],"about":[{"href":"https:\/\/www.haekelfieber.de\/wp-blog\/wp-json\/wp\/v2\/types\/post"}],"author":[{"embeddable":true,"href":"https:\/\/www.haekelfieber.de\/wp-blog\/wp-json\/wp\/v2\/users\/1"}],"replies":[{"embeddable":true,"href":"https:\/\/www.haekelfieber.de\/wp-blog\/wp-json\/wp\/v2\/comments?post=7972"}],"version-history":[{"count":2,"href":"https:\/\/www.haekelfieber.de\/wp-blog\/wp-json\/wp\/v2\/posts\/7972\/revisions"}],"predecessor-version":[{"id":7982,"href":"https:\/\/www.haekelfieber.de\/wp-blog\/wp-json\/wp\/v2\/posts\/7972\/revisions\/7982"}],"wp:attachment":[{"href":"https:\/\/www.haekelfieber.de\/wp-blog\/wp-json\/wp\/v2\/media?parent=7972"}],"wp:term":[{"taxonomy":"category","embeddable":true,"href":"https:\/\/www.haekelfieber.de\/wp-blog\/wp-json\/wp\/v2\/categories?post=7972"},{"taxonomy":"post_tag","embeddable":true,"href":"https:\/\/www.haekelfieber.de\/wp-blog\/wp-json\/wp\/v2\/tags?post=7972"}],"curies":[{"name":"wp","href":"https:\/\/api.w.org\/{rel}","templated":true}]}}