{"id":798,"date":"2014-08-06T21:50:56","date_gmt":"2014-08-06T19:50:56","guid":{"rendered":"http:\/\/www.haekelfieber.de\/wp-blog\/?p=798"},"modified":"2014-10-24T22:25:43","modified_gmt":"2014-10-24T20:25:43","slug":"meine-dienstags-tagesschau","status":"publish","type":"post","link":"https:\/\/www.haekelfieber.de\/wp-blog\/2014\/08\/meine-dienstags-tagesschau\/","title":{"rendered":"Mein Dienstags &#8211; Tageswerk"},"content":{"rendered":"<p>Was mir der heutige Dienstag so alles brachte:<\/p>\n<p><a href=\"https:\/\/www.haekelfieber.de\/wp-blog\/wp-content\/uploads\/2014\/08\/2014-08-06-21.08.55.jpg\"><img loading=\"lazy\" decoding=\"async\" class=\"aligncenter wp-image-790\" src=\"https:\/\/www.haekelfieber.de\/wp-blog\/wp-content\/uploads\/2014\/08\/2014-08-06-21.08.55-768x1024.jpg\" alt=\"2014-08-06 21.08.55\" width=\"450\" height=\"600\" srcset=\"https:\/\/www.haekelfieber.de\/wp-blog\/wp-content\/uploads\/2014\/08\/2014-08-06-21.08.55-768x1024.jpg 768w, https:\/\/www.haekelfieber.de\/wp-blog\/wp-content\/uploads\/2014\/08\/2014-08-06-21.08.55-225x300.jpg 225w, https:\/\/www.haekelfieber.de\/wp-blog\/wp-content\/uploads\/2014\/08\/2014-08-06-21.08.55.jpg 1200w\" sizes=\"auto, (max-width: 450px) 100vw, 450px\" \/><\/a><br \/>\nErst mal viele, viele, viele Tomaten aus meinem Gew\u00e4chshaus. Ich kann von einer Tomatenschwemme sprechen. Der Speiseplan f\u00fcr die n\u00e4chsten Tage ist gesichert: Tomaten mit Mozarella, Mozarella mit Tomaten, Schafsk\u00e4se mit Tomaten, Tomaten mit Schafsk\u00e4se, Tomatensuppe in allen Variationen&#8230; \ud83d\ude42<\/p>\n<p><a href=\"https:\/\/www.haekelfieber.de\/wp-blog\/wp-content\/uploads\/2014\/08\/2014-08-06-21.11.06.jpg\"><img loading=\"lazy\" decoding=\"async\" class=\"aligncenter wp-image-789\" src=\"https:\/\/www.haekelfieber.de\/wp-blog\/wp-content\/uploads\/2014\/08\/2014-08-06-21.11.06-1024x768.jpg\" alt=\"2014-08-06 21.11.06\" width=\"600\" height=\"450\" srcset=\"https:\/\/www.haekelfieber.de\/wp-blog\/wp-content\/uploads\/2014\/08\/2014-08-06-21.11.06-1024x768.jpg 1024w, https:\/\/www.haekelfieber.de\/wp-blog\/wp-content\/uploads\/2014\/08\/2014-08-06-21.11.06-300x225.jpg 300w, https:\/\/www.haekelfieber.de\/wp-blog\/wp-content\/uploads\/2014\/08\/2014-08-06-21.11.06.jpg 1600w\" sizes=\"auto, (max-width: 600px) 100vw, 600px\" \/><\/a><br \/>\nUnd er brachte mir ein total s\u00fc\u00dfes, sechsteiliges Kaffeeservice aus dem Second-Hand-Laden. Ich h\u00e4tte euch gern das ganze Service gezeigt aber der Rest befindet sich im Augenblick in der Geschirrsp\u00fclmaschine. Fotos werden nachgeliefert \ud83d\ude42<\/p>\n<p><a href=\"https:\/\/www.haekelfieber.de\/wp-blog\/wp-content\/uploads\/2014\/08\/2014-08-06-21.04.31.jpg\"><img loading=\"lazy\" decoding=\"async\" class=\"aligncenter wp-image-793\" src=\"https:\/\/www.haekelfieber.de\/wp-blog\/wp-content\/uploads\/2014\/08\/2014-08-06-21.04.31-768x1024.jpg\" alt=\"2014-08-06 21.04.31\" width=\"450\" height=\"600\" srcset=\"https:\/\/www.haekelfieber.de\/wp-blog\/wp-content\/uploads\/2014\/08\/2014-08-06-21.04.31-768x1024.jpg 768w, https:\/\/www.haekelfieber.de\/wp-blog\/wp-content\/uploads\/2014\/08\/2014-08-06-21.04.31-225x300.jpg 225w, https:\/\/www.haekelfieber.de\/wp-blog\/wp-content\/uploads\/2014\/08\/2014-08-06-21.04.31.jpg 1200w\" sizes=\"auto, (max-width: 450px) 100vw, 450px\" \/><\/a><br \/>\nUnd er brachte mir Wollnachschub per Post. Ich kaufe meine Wolle zur H\u00e4lfte im Wollladen und zur H\u00e4lfte im Internet. Ich pers\u00f6nlich kann den Internetshop Lanade.de absolut empfehlen. Dort kauf ich immer meine Wolle von Drops.<\/p>\n<p><a href=\"https:\/\/www.haekelfieber.de\/wp-blog\/wp-content\/uploads\/2014\/08\/2014-08-06-21.04.12.jpg\"><img loading=\"lazy\" decoding=\"async\" class=\"aligncenter wp-image-794\" src=\"https:\/\/www.haekelfieber.de\/wp-blog\/wp-content\/uploads\/2014\/08\/2014-08-06-21.04.12-768x1024.jpg\" alt=\"2014-08-06 21.04.12\" width=\"450\" height=\"600\" srcset=\"https:\/\/www.haekelfieber.de\/wp-blog\/wp-content\/uploads\/2014\/08\/2014-08-06-21.04.12-768x1024.jpg 768w, https:\/\/www.haekelfieber.de\/wp-blog\/wp-content\/uploads\/2014\/08\/2014-08-06-21.04.12-225x300.jpg 225w, https:\/\/www.haekelfieber.de\/wp-blog\/wp-content\/uploads\/2014\/08\/2014-08-06-21.04.12.jpg 1200w\" sizes=\"auto, (max-width: 450px) 100vw, 450px\" \/><\/a><br \/>\nDann mein prall bef\u00fcllter Wollkorb &#8211; sch\u00f6\u00f6\u00f6\u00f6n!<\/p>\n<p><a href=\"https:\/\/www.haekelfieber.de\/wp-blog\/wp-content\/uploads\/2014\/08\/2014-08-06-20.50.02.jpg\"><img loading=\"lazy\" decoding=\"async\" class=\"aligncenter wp-image-797\" src=\"https:\/\/www.haekelfieber.de\/wp-blog\/wp-content\/uploads\/2014\/08\/2014-08-06-20.50.02-768x1024.jpg\" alt=\"2014-08-06 20.50.02\" width=\"450\" height=\"600\" srcset=\"https:\/\/www.haekelfieber.de\/wp-blog\/wp-content\/uploads\/2014\/08\/2014-08-06-20.50.02-768x1024.jpg 768w, https:\/\/www.haekelfieber.de\/wp-blog\/wp-content\/uploads\/2014\/08\/2014-08-06-20.50.02-225x300.jpg 225w, https:\/\/www.haekelfieber.de\/wp-blog\/wp-content\/uploads\/2014\/08\/2014-08-06-20.50.02.jpg 1200w\" sizes=\"auto, (max-width: 450px) 100vw, 450px\" \/><\/a><br \/>\nKennt ihr diese Blume?<\/p>\n<p><a href=\"https:\/\/www.haekelfieber.de\/wp-blog\/wp-content\/uploads\/2014\/08\/2014-08-06-20.50.40.jpg\"><img loading=\"lazy\" decoding=\"async\" class=\"aligncenter wp-image-796\" src=\"https:\/\/www.haekelfieber.de\/wp-blog\/wp-content\/uploads\/2014\/08\/2014-08-06-20.50.40-768x1024.jpg\" alt=\"2014-08-06 20.50.40\" width=\"450\" height=\"600\" srcset=\"https:\/\/www.haekelfieber.de\/wp-blog\/wp-content\/uploads\/2014\/08\/2014-08-06-20.50.40-768x1024.jpg 768w, https:\/\/www.haekelfieber.de\/wp-blog\/wp-content\/uploads\/2014\/08\/2014-08-06-20.50.40-225x300.jpg 225w, https:\/\/www.haekelfieber.de\/wp-blog\/wp-content\/uploads\/2014\/08\/2014-08-06-20.50.40.jpg 1200w\" sizes=\"auto, (max-width: 450px) 100vw, 450px\" \/><\/a><br \/>\nDas sind Hortensienbl\u00fcten von Annabel &#8211; Jetzt wei\u00df ich nicht mehr, schreibt man Annabel oder Annabell. Ist ja auch egal \ud83d\ude42 Erst bl\u00fchen sie wei\u00df und dann werden sie so hellgr\u00fcn und dann kann man sie abschneiden und sie bleiben getrocknet noch genauso sch\u00f6n.<\/p>\n<p><a href=\"https:\/\/www.haekelfieber.de\/wp-blog\/wp-content\/uploads\/2014\/08\/2014-08-06-20.52.58.jpg\"><img loading=\"lazy\" decoding=\"async\" class=\"aligncenter wp-image-795\" src=\"https:\/\/www.haekelfieber.de\/wp-blog\/wp-content\/uploads\/2014\/08\/2014-08-06-20.52.58-768x1024.jpg\" alt=\"2014-08-06 20.52.58\" width=\"450\" height=\"600\" srcset=\"https:\/\/www.haekelfieber.de\/wp-blog\/wp-content\/uploads\/2014\/08\/2014-08-06-20.52.58-768x1024.jpg 768w, https:\/\/www.haekelfieber.de\/wp-blog\/wp-content\/uploads\/2014\/08\/2014-08-06-20.52.58-225x300.jpg 225w, https:\/\/www.haekelfieber.de\/wp-blog\/wp-content\/uploads\/2014\/08\/2014-08-06-20.52.58.jpg 1200w\" sizes=\"auto, (max-width: 450px) 100vw, 450px\" \/><\/a><br \/>\nAhh, ist er nicht sch\u00f6n, so \u00fcppig?<\/p>\n<p><a href=\"https:\/\/www.haekelfieber.de\/wp-blog\/wp-content\/uploads\/2014\/08\/2014-08-06-21.06.52.jpg\"><img loading=\"lazy\" decoding=\"async\" class=\"aligncenter wp-image-791\" src=\"https:\/\/www.haekelfieber.de\/wp-blog\/wp-content\/uploads\/2014\/08\/2014-08-06-21.06.52-768x1024.jpg\" alt=\"2014-08-06 21.06.52\" width=\"450\" height=\"600\" srcset=\"https:\/\/www.haekelfieber.de\/wp-blog\/wp-content\/uploads\/2014\/08\/2014-08-06-21.06.52-768x1024.jpg 768w, https:\/\/www.haekelfieber.de\/wp-blog\/wp-content\/uploads\/2014\/08\/2014-08-06-21.06.52-225x300.jpg 225w, https:\/\/www.haekelfieber.de\/wp-blog\/wp-content\/uploads\/2014\/08\/2014-08-06-21.06.52.jpg 1200w\" sizes=\"auto, (max-width: 450px) 100vw, 450px\" \/><\/a><br \/>\nUnd mein sch\u00f6ner Rumtopf findet auch seine Bestimmung \ud83d\ude42<\/p>\n<p>Und was mir der Dienstag jetzt noch bringt:<br \/>\nEine neue Folge von &#8222;New Girl&#8220;. Hat gerade angefangen, bin dann mal weg \ud83d\ude42 \ud83d\ude09<\/p>\n<p>PS: Also &#8211; rechts unten auf dem letzten Foto, der Schmuddelfleck ist nur tempor\u00e4r vorhanden \ud83d\ude42<\/p>\n","protected":false},"excerpt":{"rendered":"<p>Was mir der heutige Dienstag so alles brachte: Erst mal viele, viele, viele Tomaten aus meinem Gew\u00e4chshaus. Ich kann von einer Tomatenschwemme sprechen. Der Speiseplan f\u00fcr die n\u00e4chsten Tage ist gesichert: Tomaten mit Mozarella, Mozarella mit Tomaten, Schafsk\u00e4se mit Tomaten, Tomaten mit Schafsk\u00e4se, Tomatensuppe in allen Variationen&#8230; \ud83d\ude42 Und er brachte mir ein total s\u00fc\u00dfes, &hellip; <a href=\"https:\/\/www.haekelfieber.de\/wp-blog\/2014\/08\/meine-dienstags-tagesschau\/\" class=\"more-link\"><span class=\"screen-reader-text\">Mein Dienstags &#8211; Tageswerk<\/span> weiterlesen <span class=\"meta-nav\">&rarr;<\/span><\/a><\/p>\n","protected":false},"author":1,"featured_media":0,"comment_status":"open","ping_status":"open","sticky":false,"template":"","format":"standard","meta":{"footnotes":""},"categories":[1],"tags":[],"class_list":["post-798","post","type-post","status-publish","format-standard","hentry","category-manch-anderes"],"yoast_head":"<!-- This site is optimized with the Yoast SEO plugin v27.4 - https:\/\/yoast.com\/product\/yoast-seo-wordpress\/ -->\n<title>Mein Dienstags - Tageswerk - H\u00e4kelfieber<\/title>\n<meta name=\"robots\" content=\"index, follow, max-snippet:-1, max-image-preview:large, max-video-preview:-1\" \/>\n<link rel=\"canonical\" href=\"https:\/\/www.haekelfieber.de\/wp-blog\/2014\/08\/meine-dienstags-tagesschau\/\" \/>\n<meta property=\"og:locale\" content=\"de_DE\" \/>\n<meta property=\"og:type\" content=\"article\" \/>\n<meta property=\"og:title\" content=\"Mein Dienstags - Tageswerk - H\u00e4kelfieber\" \/>\n<meta property=\"og:description\" content=\"Was mir der heutige Dienstag so alles brachte: Erst mal viele, viele, viele Tomaten aus meinem Gew\u00e4chshaus. Ich kann von einer Tomatenschwemme sprechen. Der Speiseplan f\u00fcr die n\u00e4chsten Tage ist gesichert: Tomaten mit Mozarella, Mozarella mit Tomaten, Schafsk\u00e4se mit Tomaten, Tomaten mit Schafsk\u00e4se, Tomatensuppe in allen Variationen&#8230; \ud83d\ude42 Und er brachte mir ein total s\u00fc\u00dfes, &hellip; Mein Dienstags &#8211; Tageswerk weiterlesen &rarr;\" \/>\n<meta property=\"og:url\" content=\"https:\/\/www.haekelfieber.de\/wp-blog\/2014\/08\/meine-dienstags-tagesschau\/\" \/>\n<meta property=\"og:site_name\" content=\"H\u00e4kelfieber\" \/>\n<meta property=\"article:published_time\" content=\"2014-08-06T19:50:56+00:00\" \/>\n<meta property=\"article:modified_time\" content=\"2014-10-24T20:25:43+00:00\" \/>\n<meta property=\"og:image\" content=\"https:\/\/www.haekelfieber.de\/wp-blog\/wp-content\/uploads\/2014\/08\/2014-08-06-21.08.55-768x1024.jpg\" \/>\n<meta name=\"author\" content=\"Jutta\" \/>\n<meta name=\"twitter:label1\" content=\"Verfasst von\" \/>\n\t<meta name=\"twitter:data1\" content=\"Jutta\" \/>\n\t<meta name=\"twitter:label2\" content=\"Gesch\u00e4tzte Lesezeit\" \/>\n\t<meta name=\"twitter:data2\" content=\"1\u00a0Minute\" \/>\n<script type=\"application\/ld+json\" class=\"yoast-schema-graph\">{\"@context\":\"https:\\\/\\\/schema.org\",\"@graph\":[{\"@type\":\"Article\",\"@id\":\"https:\\\/\\\/www.haekelfieber.de\\\/wp-blog\\\/2014\\\/08\\\/meine-dienstags-tagesschau\\\/#article\",\"isPartOf\":{\"@id\":\"https:\\\/\\\/www.haekelfieber.de\\\/wp-blog\\\/2014\\\/08\\\/meine-dienstags-tagesschau\\\/\"},\"author\":{\"name\":\"Jutta\",\"@id\":\"https:\\\/\\\/www.haekelfieber.de\\\/wp-blog\\\/#\\\/schema\\\/person\\\/08b81f8e0d3480519aadc66881dee8d7\"},\"headline\":\"Mein Dienstags &#8211; Tageswerk\",\"datePublished\":\"2014-08-06T19:50:56+00:00\",\"dateModified\":\"2014-10-24T20:25:43+00:00\",\"mainEntityOfPage\":{\"@id\":\"https:\\\/\\\/www.haekelfieber.de\\\/wp-blog\\\/2014\\\/08\\\/meine-dienstags-tagesschau\\\/\"},\"wordCount\":246,\"commentCount\":0,\"publisher\":{\"@id\":\"https:\\\/\\\/www.haekelfieber.de\\\/wp-blog\\\/#organization\"},\"image\":{\"@id\":\"https:\\\/\\\/www.haekelfieber.de\\\/wp-blog\\\/2014\\\/08\\\/meine-dienstags-tagesschau\\\/#primaryimage\"},\"thumbnailUrl\":\"https:\\\/\\\/www.haekelfieber.de\\\/wp-blog\\\/wp-content\\\/uploads\\\/2014\\\/08\\\/2014-08-06-21.08.55-768x1024.jpg\",\"articleSection\":[\"Manch anderes\"],\"inLanguage\":\"de\",\"potentialAction\":[{\"@type\":\"CommentAction\",\"name\":\"Comment\",\"target\":[\"https:\\\/\\\/www.haekelfieber.de\\\/wp-blog\\\/2014\\\/08\\\/meine-dienstags-tagesschau\\\/#respond\"]}]},{\"@type\":\"WebPage\",\"@id\":\"https:\\\/\\\/www.haekelfieber.de\\\/wp-blog\\\/2014\\\/08\\\/meine-dienstags-tagesschau\\\/\",\"url\":\"https:\\\/\\\/www.haekelfieber.de\\\/wp-blog\\\/2014\\\/08\\\/meine-dienstags-tagesschau\\\/\",\"name\":\"Mein Dienstags - Tageswerk - H\u00e4kelfieber\",\"isPartOf\":{\"@id\":\"https:\\\/\\\/www.haekelfieber.de\\\/wp-blog\\\/#website\"},\"primaryImageOfPage\":{\"@id\":\"https:\\\/\\\/www.haekelfieber.de\\\/wp-blog\\\/2014\\\/08\\\/meine-dienstags-tagesschau\\\/#primaryimage\"},\"image\":{\"@id\":\"https:\\\/\\\/www.haekelfieber.de\\\/wp-blog\\\/2014\\\/08\\\/meine-dienstags-tagesschau\\\/#primaryimage\"},\"thumbnailUrl\":\"https:\\\/\\\/www.haekelfieber.de\\\/wp-blog\\\/wp-content\\\/uploads\\\/2014\\\/08\\\/2014-08-06-21.08.55-768x1024.jpg\",\"datePublished\":\"2014-08-06T19:50:56+00:00\",\"dateModified\":\"2014-10-24T20:25:43+00:00\",\"breadcrumb\":{\"@id\":\"https:\\\/\\\/www.haekelfieber.de\\\/wp-blog\\\/2014\\\/08\\\/meine-dienstags-tagesschau\\\/#breadcrumb\"},\"inLanguage\":\"de\",\"potentialAction\":[{\"@type\":\"ReadAction\",\"target\":[\"https:\\\/\\\/www.haekelfieber.de\\\/wp-blog\\\/2014\\\/08\\\/meine-dienstags-tagesschau\\\/\"]}]},{\"@type\":\"ImageObject\",\"inLanguage\":\"de\",\"@id\":\"https:\\\/\\\/www.haekelfieber.de\\\/wp-blog\\\/2014\\\/08\\\/meine-dienstags-tagesschau\\\/#primaryimage\",\"url\":\"https:\\\/\\\/www.haekelfieber.de\\\/wp-blog\\\/wp-content\\\/uploads\\\/2014\\\/08\\\/2014-08-06-21.08.55.jpg\",\"contentUrl\":\"https:\\\/\\\/www.haekelfieber.de\\\/wp-blog\\\/wp-content\\\/uploads\\\/2014\\\/08\\\/2014-08-06-21.08.55.jpg\",\"width\":1200,\"height\":1600},{\"@type\":\"BreadcrumbList\",\"@id\":\"https:\\\/\\\/www.haekelfieber.de\\\/wp-blog\\\/2014\\\/08\\\/meine-dienstags-tagesschau\\\/#breadcrumb\",\"itemListElement\":[{\"@type\":\"ListItem\",\"position\":1,\"name\":\"Home\",\"item\":\"https:\\\/\\\/www.haekelfieber.de\\\/wp-blog\\\/\"},{\"@type\":\"ListItem\",\"position\":2,\"name\":\"Mein Dienstags &#8211; Tageswerk\"}]},{\"@type\":\"WebSite\",\"@id\":\"https:\\\/\\\/www.haekelfieber.de\\\/wp-blog\\\/#website\",\"url\":\"https:\\\/\\\/www.haekelfieber.de\\\/wp-blog\\\/\",\"name\":\"H\u00e4kelfieber\",\"description\":\"Ich bin im...\",\"publisher\":{\"@id\":\"https:\\\/\\\/www.haekelfieber.de\\\/wp-blog\\\/#organization\"},\"potentialAction\":[{\"@type\":\"SearchAction\",\"target\":{\"@type\":\"EntryPoint\",\"urlTemplate\":\"https:\\\/\\\/www.haekelfieber.de\\\/wp-blog\\\/?s={search_term_string}\"},\"query-input\":{\"@type\":\"PropertyValueSpecification\",\"valueRequired\":true,\"valueName\":\"search_term_string\"}}],\"inLanguage\":\"de\"},{\"@type\":\"Organization\",\"@id\":\"https:\\\/\\\/www.haekelfieber.de\\\/wp-blog\\\/#organization\",\"name\":\"H\u00e4kelfieber\",\"url\":\"https:\\\/\\\/www.haekelfieber.de\\\/wp-blog\\\/\",\"logo\":{\"@type\":\"ImageObject\",\"inLanguage\":\"de\",\"@id\":\"https:\\\/\\\/www.haekelfieber.de\\\/wp-blog\\\/#\\\/schema\\\/logo\\\/image\\\/\",\"url\":\"https:\\\/\\\/www.haekelfieber.de\\\/wp-blog\\\/wp-content\\\/uploads\\\/2023\\\/03\\\/kissen-haekeln2.jpg\",\"contentUrl\":\"https:\\\/\\\/www.haekelfieber.de\\\/wp-blog\\\/wp-content\\\/uploads\\\/2023\\\/03\\\/kissen-haekeln2.jpg\",\"width\":683,\"height\":1024,\"caption\":\"H\u00e4kelfieber\"},\"image\":{\"@id\":\"https:\\\/\\\/www.haekelfieber.de\\\/wp-blog\\\/#\\\/schema\\\/logo\\\/image\\\/\"}},{\"@type\":\"Person\",\"@id\":\"https:\\\/\\\/www.haekelfieber.de\\\/wp-blog\\\/#\\\/schema\\\/person\\\/08b81f8e0d3480519aadc66881dee8d7\",\"name\":\"Jutta\",\"image\":{\"@type\":\"ImageObject\",\"inLanguage\":\"de\",\"@id\":\"https:\\\/\\\/secure.gravatar.com\\\/avatar\\\/4fb96a09981d3eab52fd94765c38a5395ca69a563a8cd98c172ef85375636d9d?s=96&d=mm&r=g\",\"url\":\"https:\\\/\\\/secure.gravatar.com\\\/avatar\\\/4fb96a09981d3eab52fd94765c38a5395ca69a563a8cd98c172ef85375636d9d?s=96&d=mm&r=g\",\"contentUrl\":\"https:\\\/\\\/secure.gravatar.com\\\/avatar\\\/4fb96a09981d3eab52fd94765c38a5395ca69a563a8cd98c172ef85375636d9d?s=96&d=mm&r=g\",\"caption\":\"Jutta\"},\"url\":\"https:\\\/\\\/www.haekelfieber.de\\\/wp-blog\\\/author\\\/admin\\\/\"}]}<\/script>\n<!-- \/ Yoast SEO plugin. -->","yoast_head_json":{"title":"Mein Dienstags - Tageswerk - H\u00e4kelfieber","robots":{"index":"index","follow":"follow","max-snippet":"max-snippet:-1","max-image-preview":"max-image-preview:large","max-video-preview":"max-video-preview:-1"},"canonical":"https:\/\/www.haekelfieber.de\/wp-blog\/2014\/08\/meine-dienstags-tagesschau\/","og_locale":"de_DE","og_type":"article","og_title":"Mein Dienstags - Tageswerk - H\u00e4kelfieber","og_description":"Was mir der heutige Dienstag so alles brachte: Erst mal viele, viele, viele Tomaten aus meinem Gew\u00e4chshaus. Ich kann von einer Tomatenschwemme sprechen. Der Speiseplan f\u00fcr die n\u00e4chsten Tage ist gesichert: Tomaten mit Mozarella, Mozarella mit Tomaten, Schafsk\u00e4se mit Tomaten, Tomaten mit Schafsk\u00e4se, Tomatensuppe in allen Variationen&#8230; \ud83d\ude42 Und er brachte mir ein total s\u00fc\u00dfes, &hellip; Mein Dienstags &#8211; Tageswerk weiterlesen &rarr;","og_url":"https:\/\/www.haekelfieber.de\/wp-blog\/2014\/08\/meine-dienstags-tagesschau\/","og_site_name":"H\u00e4kelfieber","article_published_time":"2014-08-06T19:50:56+00:00","article_modified_time":"2014-10-24T20:25:43+00:00","og_image":[{"url":"https:\/\/www.haekelfieber.de\/wp-blog\/wp-content\/uploads\/2014\/08\/2014-08-06-21.08.55-768x1024.jpg","type":"","width":"","height":""}],"author":"Jutta","twitter_misc":{"Verfasst von":"Jutta","Gesch\u00e4tzte Lesezeit":"1\u00a0Minute"},"schema":{"@context":"https:\/\/schema.org","@graph":[{"@type":"Article","@id":"https:\/\/www.haekelfieber.de\/wp-blog\/2014\/08\/meine-dienstags-tagesschau\/#article","isPartOf":{"@id":"https:\/\/www.haekelfieber.de\/wp-blog\/2014\/08\/meine-dienstags-tagesschau\/"},"author":{"name":"Jutta","@id":"https:\/\/www.haekelfieber.de\/wp-blog\/#\/schema\/person\/08b81f8e0d3480519aadc66881dee8d7"},"headline":"Mein Dienstags &#8211; Tageswerk","datePublished":"2014-08-06T19:50:56+00:00","dateModified":"2014-10-24T20:25:43+00:00","mainEntityOfPage":{"@id":"https:\/\/www.haekelfieber.de\/wp-blog\/2014\/08\/meine-dienstags-tagesschau\/"},"wordCount":246,"commentCount":0,"publisher":{"@id":"https:\/\/www.haekelfieber.de\/wp-blog\/#organization"},"image":{"@id":"https:\/\/www.haekelfieber.de\/wp-blog\/2014\/08\/meine-dienstags-tagesschau\/#primaryimage"},"thumbnailUrl":"https:\/\/www.haekelfieber.de\/wp-blog\/wp-content\/uploads\/2014\/08\/2014-08-06-21.08.55-768x1024.jpg","articleSection":["Manch anderes"],"inLanguage":"de","potentialAction":[{"@type":"CommentAction","name":"Comment","target":["https:\/\/www.haekelfieber.de\/wp-blog\/2014\/08\/meine-dienstags-tagesschau\/#respond"]}]},{"@type":"WebPage","@id":"https:\/\/www.haekelfieber.de\/wp-blog\/2014\/08\/meine-dienstags-tagesschau\/","url":"https:\/\/www.haekelfieber.de\/wp-blog\/2014\/08\/meine-dienstags-tagesschau\/","name":"Mein Dienstags - Tageswerk - H\u00e4kelfieber","isPartOf":{"@id":"https:\/\/www.haekelfieber.de\/wp-blog\/#website"},"primaryImageOfPage":{"@id":"https:\/\/www.haekelfieber.de\/wp-blog\/2014\/08\/meine-dienstags-tagesschau\/#primaryimage"},"image":{"@id":"https:\/\/www.haekelfieber.de\/wp-blog\/2014\/08\/meine-dienstags-tagesschau\/#primaryimage"},"thumbnailUrl":"https:\/\/www.haekelfieber.de\/wp-blog\/wp-content\/uploads\/2014\/08\/2014-08-06-21.08.55-768x1024.jpg","datePublished":"2014-08-06T19:50:56+00:00","dateModified":"2014-10-24T20:25:43+00:00","breadcrumb":{"@id":"https:\/\/www.haekelfieber.de\/wp-blog\/2014\/08\/meine-dienstags-tagesschau\/#breadcrumb"},"inLanguage":"de","potentialAction":[{"@type":"ReadAction","target":["https:\/\/www.haekelfieber.de\/wp-blog\/2014\/08\/meine-dienstags-tagesschau\/"]}]},{"@type":"ImageObject","inLanguage":"de","@id":"https:\/\/www.haekelfieber.de\/wp-blog\/2014\/08\/meine-dienstags-tagesschau\/#primaryimage","url":"https:\/\/www.haekelfieber.de\/wp-blog\/wp-content\/uploads\/2014\/08\/2014-08-06-21.08.55.jpg","contentUrl":"https:\/\/www.haekelfieber.de\/wp-blog\/wp-content\/uploads\/2014\/08\/2014-08-06-21.08.55.jpg","width":1200,"height":1600},{"@type":"BreadcrumbList","@id":"https:\/\/www.haekelfieber.de\/wp-blog\/2014\/08\/meine-dienstags-tagesschau\/#breadcrumb","itemListElement":[{"@type":"ListItem","position":1,"name":"Home","item":"https:\/\/www.haekelfieber.de\/wp-blog\/"},{"@type":"ListItem","position":2,"name":"Mein Dienstags &#8211; Tageswerk"}]},{"@type":"WebSite","@id":"https:\/\/www.haekelfieber.de\/wp-blog\/#website","url":"https:\/\/www.haekelfieber.de\/wp-blog\/","name":"H\u00e4kelfieber","description":"Ich bin im...","publisher":{"@id":"https:\/\/www.haekelfieber.de\/wp-blog\/#organization"},"potentialAction":[{"@type":"SearchAction","target":{"@type":"EntryPoint","urlTemplate":"https:\/\/www.haekelfieber.de\/wp-blog\/?s={search_term_string}"},"query-input":{"@type":"PropertyValueSpecification","valueRequired":true,"valueName":"search_term_string"}}],"inLanguage":"de"},{"@type":"Organization","@id":"https:\/\/www.haekelfieber.de\/wp-blog\/#organization","name":"H\u00e4kelfieber","url":"https:\/\/www.haekelfieber.de\/wp-blog\/","logo":{"@type":"ImageObject","inLanguage":"de","@id":"https:\/\/www.haekelfieber.de\/wp-blog\/#\/schema\/logo\/image\/","url":"https:\/\/www.haekelfieber.de\/wp-blog\/wp-content\/uploads\/2023\/03\/kissen-haekeln2.jpg","contentUrl":"https:\/\/www.haekelfieber.de\/wp-blog\/wp-content\/uploads\/2023\/03\/kissen-haekeln2.jpg","width":683,"height":1024,"caption":"H\u00e4kelfieber"},"image":{"@id":"https:\/\/www.haekelfieber.de\/wp-blog\/#\/schema\/logo\/image\/"}},{"@type":"Person","@id":"https:\/\/www.haekelfieber.de\/wp-blog\/#\/schema\/person\/08b81f8e0d3480519aadc66881dee8d7","name":"Jutta","image":{"@type":"ImageObject","inLanguage":"de","@id":"https:\/\/secure.gravatar.com\/avatar\/4fb96a09981d3eab52fd94765c38a5395ca69a563a8cd98c172ef85375636d9d?s=96&d=mm&r=g","url":"https:\/\/secure.gravatar.com\/avatar\/4fb96a09981d3eab52fd94765c38a5395ca69a563a8cd98c172ef85375636d9d?s=96&d=mm&r=g","contentUrl":"https:\/\/secure.gravatar.com\/avatar\/4fb96a09981d3eab52fd94765c38a5395ca69a563a8cd98c172ef85375636d9d?s=96&d=mm&r=g","caption":"Jutta"},"url":"https:\/\/www.haekelfieber.de\/wp-blog\/author\/admin\/"}]}},"_links":{"self":[{"href":"https:\/\/www.haekelfieber.de\/wp-blog\/wp-json\/wp\/v2\/posts\/798","targetHints":{"allow":["GET"]}}],"collection":[{"href":"https:\/\/www.haekelfieber.de\/wp-blog\/wp-json\/wp\/v2\/posts"}],"about":[{"href":"https:\/\/www.haekelfieber.de\/wp-blog\/wp-json\/wp\/v2\/types\/post"}],"author":[{"embeddable":true,"href":"https:\/\/www.haekelfieber.de\/wp-blog\/wp-json\/wp\/v2\/users\/1"}],"replies":[{"embeddable":true,"href":"https:\/\/www.haekelfieber.de\/wp-blog\/wp-json\/wp\/v2\/comments?post=798"}],"version-history":[{"count":4,"href":"https:\/\/www.haekelfieber.de\/wp-blog\/wp-json\/wp\/v2\/posts\/798\/revisions"}],"predecessor-version":[{"id":1254,"href":"https:\/\/www.haekelfieber.de\/wp-blog\/wp-json\/wp\/v2\/posts\/798\/revisions\/1254"}],"wp:attachment":[{"href":"https:\/\/www.haekelfieber.de\/wp-blog\/wp-json\/wp\/v2\/media?parent=798"}],"wp:term":[{"taxonomy":"category","embeddable":true,"href":"https:\/\/www.haekelfieber.de\/wp-blog\/wp-json\/wp\/v2\/categories?post=798"},{"taxonomy":"post_tag","embeddable":true,"href":"https:\/\/www.haekelfieber.de\/wp-blog\/wp-json\/wp\/v2\/tags?post=798"}],"curies":[{"name":"wp","href":"https:\/\/api.w.org\/{rel}","templated":true}]}}