{"id":922,"date":"2014-08-20T18:37:50","date_gmt":"2014-08-20T16:37:50","guid":{"rendered":"http:\/\/www.haekelfieber.de\/wp-blog\/?p=922"},"modified":"2014-08-20T18:41:09","modified_gmt":"2014-08-20T16:41:09","slug":"mein-gehaekelter-hockerbezug","status":"publish","type":"post","link":"https:\/\/www.haekelfieber.de\/wp-blog\/2014\/08\/mein-gehaekelter-hockerbezug\/","title":{"rendered":"Mein geh\u00e4kelter Hockerbezug"},"content":{"rendered":"<p><a href=\"https:\/\/www.haekelfieber.de\/wp-blog\/wp-content\/uploads\/2014\/08\/Hockerbezug-geh\u00e4kelt.jpg\"><img loading=\"lazy\" decoding=\"async\" class=\"aligncenter wp-image-914\" src=\"https:\/\/www.haekelfieber.de\/wp-blog\/wp-content\/uploads\/2014\/08\/Hockerbezug-geh\u00e4kelt-768x1024.jpg\" alt=\"Hockerbezug geh\u00e4kelt\" width=\"450\" height=\"600\" srcset=\"https:\/\/www.haekelfieber.de\/wp-blog\/wp-content\/uploads\/2014\/08\/Hockerbezug-geh\u00e4kelt-768x1024.jpg 768w, https:\/\/www.haekelfieber.de\/wp-blog\/wp-content\/uploads\/2014\/08\/Hockerbezug-geh\u00e4kelt-225x300.jpg 225w, https:\/\/www.haekelfieber.de\/wp-blog\/wp-content\/uploads\/2014\/08\/Hockerbezug-geh\u00e4kelt.jpg 1200w\" sizes=\"auto, (max-width: 450px) 100vw, 450px\" \/><\/a><br \/>\nUnserem kleinen Hocker, Schemel, besser gesagt, Fu\u00dfschemel, habe ich einen \u00dcberzug geh\u00e4kelt. Den Hocker bekam ich mal geschenkt. Damals war er noch naturfarben. In liebevoller Handarbeit gefertigt. Aber er passte nicht in unser, ich sag mal, Einrichtungskonzept \ud83d\ude42 . Lackierte ihn mittlerweile schwarz gl\u00e4nzend um. Ab dem Zeitpunkt tat er seinen Dienst als Minibeistellh\u00f6ckerchen f\u00fcr allerlei sch\u00f6nen dekorativen Nippes \ud83d\ude09 . Dann durchlebte er eine ruhige Zeit in der Abstellkammer im Keller. Bis vor ein paar Tagen. Ich hab&#8216; ihn wieder hochgeholt, meine Gedanken um ihn kreisen lassen, bis eine Idee ausgereift war. Hockerbezug h\u00e4keln!<\/p>\n<p><a href=\"https:\/\/www.haekelfieber.de\/wp-blog\/wp-content\/uploads\/2014\/08\/2014-08-18-14.22.37.jpg\"><img loading=\"lazy\" decoding=\"async\" class=\"aligncenter wp-image-921\" src=\"https:\/\/www.haekelfieber.de\/wp-blog\/wp-content\/uploads\/2014\/08\/2014-08-18-14.22.37-768x1024.jpg\" alt=\"2014-08-18 14.22.37\" width=\"450\" height=\"600\" srcset=\"https:\/\/www.haekelfieber.de\/wp-blog\/wp-content\/uploads\/2014\/08\/2014-08-18-14.22.37-768x1024.jpg 768w, https:\/\/www.haekelfieber.de\/wp-blog\/wp-content\/uploads\/2014\/08\/2014-08-18-14.22.37-225x300.jpg 225w, https:\/\/www.haekelfieber.de\/wp-blog\/wp-content\/uploads\/2014\/08\/2014-08-18-14.22.37.jpg 1200w\" sizes=\"auto, (max-width: 450px) 100vw, 450px\" \/><br \/>\n<\/a> <a href=\"https:\/\/www.haekelfieber.de\/wp-blog\/wp-content\/uploads\/2014\/08\/2014-08-18-14.23.13.jpg\"><img loading=\"lazy\" decoding=\"async\" class=\"aligncenter wp-image-920\" src=\"https:\/\/www.haekelfieber.de\/wp-blog\/wp-content\/uploads\/2014\/08\/2014-08-18-14.23.13-768x1024.jpg\" alt=\"2014-08-18 14.23.13\" width=\"450\" height=\"600\" srcset=\"https:\/\/www.haekelfieber.de\/wp-blog\/wp-content\/uploads\/2014\/08\/2014-08-18-14.23.13-768x1024.jpg 768w, https:\/\/www.haekelfieber.de\/wp-blog\/wp-content\/uploads\/2014\/08\/2014-08-18-14.23.13-225x300.jpg 225w, https:\/\/www.haekelfieber.de\/wp-blog\/wp-content\/uploads\/2014\/08\/2014-08-18-14.23.13.jpg 1200w\" sizes=\"auto, (max-width: 450px) 100vw, 450px\" \/><\/a><br \/>\nPassend zu Farbe und Muster einiger Kissen auf der Ruml\u00fcmmelcouch Dreiecke geh\u00e4kelt.<\/p>\n<p><a href=\"https:\/\/www.haekelfieber.de\/wp-blog\/wp-content\/uploads\/2014\/08\/geh\u00e4kelter-Hockerbezug-2.jpg\"><img loading=\"lazy\" decoding=\"async\" class=\"aligncenter wp-image-916\" src=\"https:\/\/www.haekelfieber.de\/wp-blog\/wp-content\/uploads\/2014\/08\/geh\u00e4kelter-Hockerbezug-2-768x1024.jpg\" alt=\"geh\u00e4kelter Hockerbezug (2)\" width=\"450\" height=\"600\" srcset=\"https:\/\/www.haekelfieber.de\/wp-blog\/wp-content\/uploads\/2014\/08\/geh\u00e4kelter-Hockerbezug-2-768x1024.jpg 768w, https:\/\/www.haekelfieber.de\/wp-blog\/wp-content\/uploads\/2014\/08\/geh\u00e4kelter-Hockerbezug-2-225x300.jpg 225w, https:\/\/www.haekelfieber.de\/wp-blog\/wp-content\/uploads\/2014\/08\/geh\u00e4kelter-Hockerbezug-2.jpg 1200w\" sizes=\"auto, (max-width: 450px) 100vw, 450px\" \/><\/a><br \/>\nSie zusammengen\u00e4ht, umh\u00e4kelt und den Hocker damit bezogen.<\/p>\n<p><a href=\"https:\/\/www.haekelfieber.de\/wp-blog\/wp-content\/uploads\/2014\/08\/geh\u00e4kelter-Hockerbezug.jpg\"><img loading=\"lazy\" decoding=\"async\" class=\"aligncenter wp-image-917\" src=\"https:\/\/www.haekelfieber.de\/wp-blog\/wp-content\/uploads\/2014\/08\/geh\u00e4kelter-Hockerbezug-768x1024.jpg\" alt=\"geh\u00e4kelter Hockerbezug\" width=\"450\" height=\"600\" srcset=\"https:\/\/www.haekelfieber.de\/wp-blog\/wp-content\/uploads\/2014\/08\/geh\u00e4kelter-Hockerbezug-768x1024.jpg 768w, https:\/\/www.haekelfieber.de\/wp-blog\/wp-content\/uploads\/2014\/08\/geh\u00e4kelter-Hockerbezug-225x300.jpg 225w, https:\/\/www.haekelfieber.de\/wp-blog\/wp-content\/uploads\/2014\/08\/geh\u00e4kelter-Hockerbezug.jpg 1200w\" sizes=\"auto, (max-width: 450px) 100vw, 450px\" \/><\/a><br \/>\nJetzt steht er vor der Couch.<br \/>\nWer keinen Liegeplatz auf der Couch ergattert hat, kann seine Beine nun im Sitzen lang machen und auf dem Hocker platzieren.<\/p>\n<p><a href=\"https:\/\/www.haekelfieber.de\/wp-blog\/wp-content\/uploads\/2014\/08\/2014-08-20-08.55.05.jpg\"><img loading=\"lazy\" decoding=\"async\" class=\"aligncenter wp-image-915\" src=\"https:\/\/www.haekelfieber.de\/wp-blog\/wp-content\/uploads\/2014\/08\/2014-08-20-08.55.05-1024x768.jpg\" alt=\"2014-08-20 08.55.05\" width=\"450\" height=\"338\" srcset=\"https:\/\/www.haekelfieber.de\/wp-blog\/wp-content\/uploads\/2014\/08\/2014-08-20-08.55.05-1024x768.jpg 1024w, https:\/\/www.haekelfieber.de\/wp-blog\/wp-content\/uploads\/2014\/08\/2014-08-20-08.55.05-300x225.jpg 300w, https:\/\/www.haekelfieber.de\/wp-blog\/wp-content\/uploads\/2014\/08\/2014-08-20-08.55.05.jpg 1600w\" sizes=\"auto, (max-width: 450px) 100vw, 450px\" \/><\/a><br \/>\nVorschlag f\u00fcr eine Fu\u00dfhaltung auf dem Hocker.<br \/>\nF\u00fcgt sich in das Dreieckskonzept des Musters \ud83d\ude42 wunderbar ein.<\/p>\n","protected":false},"excerpt":{"rendered":"<p>Unserem kleinen Hocker, Schemel, besser gesagt, Fu\u00dfschemel, habe ich einen \u00dcberzug geh\u00e4kelt. Den Hocker bekam ich mal geschenkt. Damals war er noch naturfarben. In liebevoller Handarbeit gefertigt. Aber er passte nicht in unser, ich sag mal, Einrichtungskonzept \ud83d\ude42 . Lackierte ihn mittlerweile schwarz gl\u00e4nzend um. Ab dem Zeitpunkt tat er seinen Dienst als Minibeistellh\u00f6ckerchen f\u00fcr &hellip; <a href=\"https:\/\/www.haekelfieber.de\/wp-blog\/2014\/08\/mein-gehaekelter-hockerbezug\/\" class=\"more-link\"><span class=\"screen-reader-text\">Mein geh\u00e4kelter Hockerbezug<\/span> weiterlesen <span class=\"meta-nav\">&rarr;<\/span><\/a><\/p>\n","protected":false},"author":1,"featured_media":0,"comment_status":"open","ping_status":"open","sticky":false,"template":"","format":"standard","meta":{"footnotes":""},"categories":[5],"tags":[],"class_list":["post-922","post","type-post","status-publish","format-standard","hentry","category-haekeln"],"yoast_head":"<!-- This site is optimized with the Yoast SEO plugin v27.4 - https:\/\/yoast.com\/product\/yoast-seo-wordpress\/ -->\n<title>Mein geh\u00e4kelter Hockerbezug - H\u00e4kelfieber<\/title>\n<meta name=\"robots\" content=\"index, follow, max-snippet:-1, max-image-preview:large, max-video-preview:-1\" \/>\n<link rel=\"canonical\" href=\"https:\/\/www.haekelfieber.de\/wp-blog\/2014\/08\/mein-gehaekelter-hockerbezug\/\" \/>\n<meta property=\"og:locale\" content=\"de_DE\" \/>\n<meta property=\"og:type\" content=\"article\" \/>\n<meta property=\"og:title\" content=\"Mein geh\u00e4kelter Hockerbezug - H\u00e4kelfieber\" \/>\n<meta property=\"og:description\" content=\"Unserem kleinen Hocker, Schemel, besser gesagt, Fu\u00dfschemel, habe ich einen \u00dcberzug geh\u00e4kelt. Den Hocker bekam ich mal geschenkt. Damals war er noch naturfarben. In liebevoller Handarbeit gefertigt. Aber er passte nicht in unser, ich sag mal, Einrichtungskonzept \ud83d\ude42 . Lackierte ihn mittlerweile schwarz gl\u00e4nzend um. Ab dem Zeitpunkt tat er seinen Dienst als Minibeistellh\u00f6ckerchen f\u00fcr &hellip; Mein geh\u00e4kelter Hockerbezug weiterlesen &rarr;\" \/>\n<meta property=\"og:url\" content=\"https:\/\/www.haekelfieber.de\/wp-blog\/2014\/08\/mein-gehaekelter-hockerbezug\/\" \/>\n<meta property=\"og:site_name\" content=\"H\u00e4kelfieber\" \/>\n<meta property=\"article:published_time\" content=\"2014-08-20T16:37:50+00:00\" \/>\n<meta property=\"article:modified_time\" content=\"2014-08-20T16:41:09+00:00\" \/>\n<meta property=\"og:image\" content=\"https:\/\/www.haekelfieber.de\/wp-blog\/wp-content\/uploads\/2014\/08\/Hockerbezug-geh\u00e4kelt-768x1024.jpg\" \/>\n<meta name=\"author\" content=\"Jutta\" \/>\n<meta name=\"twitter:label1\" content=\"Verfasst von\" \/>\n\t<meta name=\"twitter:data1\" content=\"Jutta\" \/>\n\t<meta name=\"twitter:label2\" content=\"Gesch\u00e4tzte Lesezeit\" \/>\n\t<meta name=\"twitter:data2\" content=\"1\u00a0Minute\" \/>\n<script type=\"application\/ld+json\" class=\"yoast-schema-graph\">{\"@context\":\"https:\\\/\\\/schema.org\",\"@graph\":[{\"@type\":\"Article\",\"@id\":\"https:\\\/\\\/www.haekelfieber.de\\\/wp-blog\\\/2014\\\/08\\\/mein-gehaekelter-hockerbezug\\\/#article\",\"isPartOf\":{\"@id\":\"https:\\\/\\\/www.haekelfieber.de\\\/wp-blog\\\/2014\\\/08\\\/mein-gehaekelter-hockerbezug\\\/\"},\"author\":{\"name\":\"Jutta\",\"@id\":\"https:\\\/\\\/www.haekelfieber.de\\\/wp-blog\\\/#\\\/schema\\\/person\\\/08b81f8e0d3480519aadc66881dee8d7\"},\"headline\":\"Mein geh\u00e4kelter Hockerbezug\",\"datePublished\":\"2014-08-20T16:37:50+00:00\",\"dateModified\":\"2014-08-20T16:41:09+00:00\",\"mainEntityOfPage\":{\"@id\":\"https:\\\/\\\/www.haekelfieber.de\\\/wp-blog\\\/2014\\\/08\\\/mein-gehaekelter-hockerbezug\\\/\"},\"wordCount\":172,\"commentCount\":0,\"publisher\":{\"@id\":\"https:\\\/\\\/www.haekelfieber.de\\\/wp-blog\\\/#organization\"},\"image\":{\"@id\":\"https:\\\/\\\/www.haekelfieber.de\\\/wp-blog\\\/2014\\\/08\\\/mein-gehaekelter-hockerbezug\\\/#primaryimage\"},\"thumbnailUrl\":\"https:\\\/\\\/www.haekelfieber.de\\\/wp-blog\\\/wp-content\\\/uploads\\\/2014\\\/08\\\/2014-08-18-14.22.37-768x1024.jpg\",\"articleSection\":[\"H\u00e4keln\"],\"inLanguage\":\"de\",\"potentialAction\":[{\"@type\":\"CommentAction\",\"name\":\"Comment\",\"target\":[\"https:\\\/\\\/www.haekelfieber.de\\\/wp-blog\\\/2014\\\/08\\\/mein-gehaekelter-hockerbezug\\\/#respond\"]}]},{\"@type\":\"WebPage\",\"@id\":\"https:\\\/\\\/www.haekelfieber.de\\\/wp-blog\\\/2014\\\/08\\\/mein-gehaekelter-hockerbezug\\\/\",\"url\":\"https:\\\/\\\/www.haekelfieber.de\\\/wp-blog\\\/2014\\\/08\\\/mein-gehaekelter-hockerbezug\\\/\",\"name\":\"Mein geh\u00e4kelter Hockerbezug - H\u00e4kelfieber\",\"isPartOf\":{\"@id\":\"https:\\\/\\\/www.haekelfieber.de\\\/wp-blog\\\/#website\"},\"primaryImageOfPage\":{\"@id\":\"https:\\\/\\\/www.haekelfieber.de\\\/wp-blog\\\/2014\\\/08\\\/mein-gehaekelter-hockerbezug\\\/#primaryimage\"},\"image\":{\"@id\":\"https:\\\/\\\/www.haekelfieber.de\\\/wp-blog\\\/2014\\\/08\\\/mein-gehaekelter-hockerbezug\\\/#primaryimage\"},\"thumbnailUrl\":\"https:\\\/\\\/www.haekelfieber.de\\\/wp-blog\\\/wp-content\\\/uploads\\\/2014\\\/08\\\/2014-08-18-14.22.37-768x1024.jpg\",\"datePublished\":\"2014-08-20T16:37:50+00:00\",\"dateModified\":\"2014-08-20T16:41:09+00:00\",\"breadcrumb\":{\"@id\":\"https:\\\/\\\/www.haekelfieber.de\\\/wp-blog\\\/2014\\\/08\\\/mein-gehaekelter-hockerbezug\\\/#breadcrumb\"},\"inLanguage\":\"de\",\"potentialAction\":[{\"@type\":\"ReadAction\",\"target\":[\"https:\\\/\\\/www.haekelfieber.de\\\/wp-blog\\\/2014\\\/08\\\/mein-gehaekelter-hockerbezug\\\/\"]}]},{\"@type\":\"ImageObject\",\"inLanguage\":\"de\",\"@id\":\"https:\\\/\\\/www.haekelfieber.de\\\/wp-blog\\\/2014\\\/08\\\/mein-gehaekelter-hockerbezug\\\/#primaryimage\",\"url\":\"https:\\\/\\\/www.haekelfieber.de\\\/wp-blog\\\/wp-content\\\/uploads\\\/2014\\\/08\\\/2014-08-18-14.22.37.jpg\",\"contentUrl\":\"https:\\\/\\\/www.haekelfieber.de\\\/wp-blog\\\/wp-content\\\/uploads\\\/2014\\\/08\\\/2014-08-18-14.22.37.jpg\",\"width\":1200,\"height\":1600},{\"@type\":\"BreadcrumbList\",\"@id\":\"https:\\\/\\\/www.haekelfieber.de\\\/wp-blog\\\/2014\\\/08\\\/mein-gehaekelter-hockerbezug\\\/#breadcrumb\",\"itemListElement\":[{\"@type\":\"ListItem\",\"position\":1,\"name\":\"Home\",\"item\":\"https:\\\/\\\/www.haekelfieber.de\\\/wp-blog\\\/\"},{\"@type\":\"ListItem\",\"position\":2,\"name\":\"Mein geh\u00e4kelter Hockerbezug\"}]},{\"@type\":\"WebSite\",\"@id\":\"https:\\\/\\\/www.haekelfieber.de\\\/wp-blog\\\/#website\",\"url\":\"https:\\\/\\\/www.haekelfieber.de\\\/wp-blog\\\/\",\"name\":\"H\u00e4kelfieber\",\"description\":\"Ich bin im...\",\"publisher\":{\"@id\":\"https:\\\/\\\/www.haekelfieber.de\\\/wp-blog\\\/#organization\"},\"potentialAction\":[{\"@type\":\"SearchAction\",\"target\":{\"@type\":\"EntryPoint\",\"urlTemplate\":\"https:\\\/\\\/www.haekelfieber.de\\\/wp-blog\\\/?s={search_term_string}\"},\"query-input\":{\"@type\":\"PropertyValueSpecification\",\"valueRequired\":true,\"valueName\":\"search_term_string\"}}],\"inLanguage\":\"de\"},{\"@type\":\"Organization\",\"@id\":\"https:\\\/\\\/www.haekelfieber.de\\\/wp-blog\\\/#organization\",\"name\":\"H\u00e4kelfieber\",\"url\":\"https:\\\/\\\/www.haekelfieber.de\\\/wp-blog\\\/\",\"logo\":{\"@type\":\"ImageObject\",\"inLanguage\":\"de\",\"@id\":\"https:\\\/\\\/www.haekelfieber.de\\\/wp-blog\\\/#\\\/schema\\\/logo\\\/image\\\/\",\"url\":\"https:\\\/\\\/www.haekelfieber.de\\\/wp-blog\\\/wp-content\\\/uploads\\\/2023\\\/03\\\/kissen-haekeln2.jpg\",\"contentUrl\":\"https:\\\/\\\/www.haekelfieber.de\\\/wp-blog\\\/wp-content\\\/uploads\\\/2023\\\/03\\\/kissen-haekeln2.jpg\",\"width\":683,\"height\":1024,\"caption\":\"H\u00e4kelfieber\"},\"image\":{\"@id\":\"https:\\\/\\\/www.haekelfieber.de\\\/wp-blog\\\/#\\\/schema\\\/logo\\\/image\\\/\"}},{\"@type\":\"Person\",\"@id\":\"https:\\\/\\\/www.haekelfieber.de\\\/wp-blog\\\/#\\\/schema\\\/person\\\/08b81f8e0d3480519aadc66881dee8d7\",\"name\":\"Jutta\",\"image\":{\"@type\":\"ImageObject\",\"inLanguage\":\"de\",\"@id\":\"https:\\\/\\\/secure.gravatar.com\\\/avatar\\\/4fb96a09981d3eab52fd94765c38a5395ca69a563a8cd98c172ef85375636d9d?s=96&d=mm&r=g\",\"url\":\"https:\\\/\\\/secure.gravatar.com\\\/avatar\\\/4fb96a09981d3eab52fd94765c38a5395ca69a563a8cd98c172ef85375636d9d?s=96&d=mm&r=g\",\"contentUrl\":\"https:\\\/\\\/secure.gravatar.com\\\/avatar\\\/4fb96a09981d3eab52fd94765c38a5395ca69a563a8cd98c172ef85375636d9d?s=96&d=mm&r=g\",\"caption\":\"Jutta\"},\"url\":\"https:\\\/\\\/www.haekelfieber.de\\\/wp-blog\\\/author\\\/admin\\\/\"}]}<\/script>\n<!-- \/ Yoast SEO plugin. -->","yoast_head_json":{"title":"Mein geh\u00e4kelter Hockerbezug - H\u00e4kelfieber","robots":{"index":"index","follow":"follow","max-snippet":"max-snippet:-1","max-image-preview":"max-image-preview:large","max-video-preview":"max-video-preview:-1"},"canonical":"https:\/\/www.haekelfieber.de\/wp-blog\/2014\/08\/mein-gehaekelter-hockerbezug\/","og_locale":"de_DE","og_type":"article","og_title":"Mein geh\u00e4kelter Hockerbezug - H\u00e4kelfieber","og_description":"Unserem kleinen Hocker, Schemel, besser gesagt, Fu\u00dfschemel, habe ich einen \u00dcberzug geh\u00e4kelt. Den Hocker bekam ich mal geschenkt. Damals war er noch naturfarben. In liebevoller Handarbeit gefertigt. Aber er passte nicht in unser, ich sag mal, Einrichtungskonzept \ud83d\ude42 . Lackierte ihn mittlerweile schwarz gl\u00e4nzend um. Ab dem Zeitpunkt tat er seinen Dienst als Minibeistellh\u00f6ckerchen f\u00fcr &hellip; Mein geh\u00e4kelter Hockerbezug weiterlesen &rarr;","og_url":"https:\/\/www.haekelfieber.de\/wp-blog\/2014\/08\/mein-gehaekelter-hockerbezug\/","og_site_name":"H\u00e4kelfieber","article_published_time":"2014-08-20T16:37:50+00:00","article_modified_time":"2014-08-20T16:41:09+00:00","og_image":[{"url":"https:\/\/www.haekelfieber.de\/wp-blog\/wp-content\/uploads\/2014\/08\/Hockerbezug-geh\u00e4kelt-768x1024.jpg","type":"","width":"","height":""}],"author":"Jutta","twitter_misc":{"Verfasst von":"Jutta","Gesch\u00e4tzte Lesezeit":"1\u00a0Minute"},"schema":{"@context":"https:\/\/schema.org","@graph":[{"@type":"Article","@id":"https:\/\/www.haekelfieber.de\/wp-blog\/2014\/08\/mein-gehaekelter-hockerbezug\/#article","isPartOf":{"@id":"https:\/\/www.haekelfieber.de\/wp-blog\/2014\/08\/mein-gehaekelter-hockerbezug\/"},"author":{"name":"Jutta","@id":"https:\/\/www.haekelfieber.de\/wp-blog\/#\/schema\/person\/08b81f8e0d3480519aadc66881dee8d7"},"headline":"Mein geh\u00e4kelter Hockerbezug","datePublished":"2014-08-20T16:37:50+00:00","dateModified":"2014-08-20T16:41:09+00:00","mainEntityOfPage":{"@id":"https:\/\/www.haekelfieber.de\/wp-blog\/2014\/08\/mein-gehaekelter-hockerbezug\/"},"wordCount":172,"commentCount":0,"publisher":{"@id":"https:\/\/www.haekelfieber.de\/wp-blog\/#organization"},"image":{"@id":"https:\/\/www.haekelfieber.de\/wp-blog\/2014\/08\/mein-gehaekelter-hockerbezug\/#primaryimage"},"thumbnailUrl":"https:\/\/www.haekelfieber.de\/wp-blog\/wp-content\/uploads\/2014\/08\/2014-08-18-14.22.37-768x1024.jpg","articleSection":["H\u00e4keln"],"inLanguage":"de","potentialAction":[{"@type":"CommentAction","name":"Comment","target":["https:\/\/www.haekelfieber.de\/wp-blog\/2014\/08\/mein-gehaekelter-hockerbezug\/#respond"]}]},{"@type":"WebPage","@id":"https:\/\/www.haekelfieber.de\/wp-blog\/2014\/08\/mein-gehaekelter-hockerbezug\/","url":"https:\/\/www.haekelfieber.de\/wp-blog\/2014\/08\/mein-gehaekelter-hockerbezug\/","name":"Mein geh\u00e4kelter Hockerbezug - H\u00e4kelfieber","isPartOf":{"@id":"https:\/\/www.haekelfieber.de\/wp-blog\/#website"},"primaryImageOfPage":{"@id":"https:\/\/www.haekelfieber.de\/wp-blog\/2014\/08\/mein-gehaekelter-hockerbezug\/#primaryimage"},"image":{"@id":"https:\/\/www.haekelfieber.de\/wp-blog\/2014\/08\/mein-gehaekelter-hockerbezug\/#primaryimage"},"thumbnailUrl":"https:\/\/www.haekelfieber.de\/wp-blog\/wp-content\/uploads\/2014\/08\/2014-08-18-14.22.37-768x1024.jpg","datePublished":"2014-08-20T16:37:50+00:00","dateModified":"2014-08-20T16:41:09+00:00","breadcrumb":{"@id":"https:\/\/www.haekelfieber.de\/wp-blog\/2014\/08\/mein-gehaekelter-hockerbezug\/#breadcrumb"},"inLanguage":"de","potentialAction":[{"@type":"ReadAction","target":["https:\/\/www.haekelfieber.de\/wp-blog\/2014\/08\/mein-gehaekelter-hockerbezug\/"]}]},{"@type":"ImageObject","inLanguage":"de","@id":"https:\/\/www.haekelfieber.de\/wp-blog\/2014\/08\/mein-gehaekelter-hockerbezug\/#primaryimage","url":"https:\/\/www.haekelfieber.de\/wp-blog\/wp-content\/uploads\/2014\/08\/2014-08-18-14.22.37.jpg","contentUrl":"https:\/\/www.haekelfieber.de\/wp-blog\/wp-content\/uploads\/2014\/08\/2014-08-18-14.22.37.jpg","width":1200,"height":1600},{"@type":"BreadcrumbList","@id":"https:\/\/www.haekelfieber.de\/wp-blog\/2014\/08\/mein-gehaekelter-hockerbezug\/#breadcrumb","itemListElement":[{"@type":"ListItem","position":1,"name":"Home","item":"https:\/\/www.haekelfieber.de\/wp-blog\/"},{"@type":"ListItem","position":2,"name":"Mein geh\u00e4kelter Hockerbezug"}]},{"@type":"WebSite","@id":"https:\/\/www.haekelfieber.de\/wp-blog\/#website","url":"https:\/\/www.haekelfieber.de\/wp-blog\/","name":"H\u00e4kelfieber","description":"Ich bin im...","publisher":{"@id":"https:\/\/www.haekelfieber.de\/wp-blog\/#organization"},"potentialAction":[{"@type":"SearchAction","target":{"@type":"EntryPoint","urlTemplate":"https:\/\/www.haekelfieber.de\/wp-blog\/?s={search_term_string}"},"query-input":{"@type":"PropertyValueSpecification","valueRequired":true,"valueName":"search_term_string"}}],"inLanguage":"de"},{"@type":"Organization","@id":"https:\/\/www.haekelfieber.de\/wp-blog\/#organization","name":"H\u00e4kelfieber","url":"https:\/\/www.haekelfieber.de\/wp-blog\/","logo":{"@type":"ImageObject","inLanguage":"de","@id":"https:\/\/www.haekelfieber.de\/wp-blog\/#\/schema\/logo\/image\/","url":"https:\/\/www.haekelfieber.de\/wp-blog\/wp-content\/uploads\/2023\/03\/kissen-haekeln2.jpg","contentUrl":"https:\/\/www.haekelfieber.de\/wp-blog\/wp-content\/uploads\/2023\/03\/kissen-haekeln2.jpg","width":683,"height":1024,"caption":"H\u00e4kelfieber"},"image":{"@id":"https:\/\/www.haekelfieber.de\/wp-blog\/#\/schema\/logo\/image\/"}},{"@type":"Person","@id":"https:\/\/www.haekelfieber.de\/wp-blog\/#\/schema\/person\/08b81f8e0d3480519aadc66881dee8d7","name":"Jutta","image":{"@type":"ImageObject","inLanguage":"de","@id":"https:\/\/secure.gravatar.com\/avatar\/4fb96a09981d3eab52fd94765c38a5395ca69a563a8cd98c172ef85375636d9d?s=96&d=mm&r=g","url":"https:\/\/secure.gravatar.com\/avatar\/4fb96a09981d3eab52fd94765c38a5395ca69a563a8cd98c172ef85375636d9d?s=96&d=mm&r=g","contentUrl":"https:\/\/secure.gravatar.com\/avatar\/4fb96a09981d3eab52fd94765c38a5395ca69a563a8cd98c172ef85375636d9d?s=96&d=mm&r=g","caption":"Jutta"},"url":"https:\/\/www.haekelfieber.de\/wp-blog\/author\/admin\/"}]}},"_links":{"self":[{"href":"https:\/\/www.haekelfieber.de\/wp-blog\/wp-json\/wp\/v2\/posts\/922","targetHints":{"allow":["GET"]}}],"collection":[{"href":"https:\/\/www.haekelfieber.de\/wp-blog\/wp-json\/wp\/v2\/posts"}],"about":[{"href":"https:\/\/www.haekelfieber.de\/wp-blog\/wp-json\/wp\/v2\/types\/post"}],"author":[{"embeddable":true,"href":"https:\/\/www.haekelfieber.de\/wp-blog\/wp-json\/wp\/v2\/users\/1"}],"replies":[{"embeddable":true,"href":"https:\/\/www.haekelfieber.de\/wp-blog\/wp-json\/wp\/v2\/comments?post=922"}],"version-history":[{"count":3,"href":"https:\/\/www.haekelfieber.de\/wp-blog\/wp-json\/wp\/v2\/posts\/922\/revisions"}],"predecessor-version":[{"id":925,"href":"https:\/\/www.haekelfieber.de\/wp-blog\/wp-json\/wp\/v2\/posts\/922\/revisions\/925"}],"wp:attachment":[{"href":"https:\/\/www.haekelfieber.de\/wp-blog\/wp-json\/wp\/v2\/media?parent=922"}],"wp:term":[{"taxonomy":"category","embeddable":true,"href":"https:\/\/www.haekelfieber.de\/wp-blog\/wp-json\/wp\/v2\/categories?post=922"},{"taxonomy":"post_tag","embeddable":true,"href":"https:\/\/www.haekelfieber.de\/wp-blog\/wp-json\/wp\/v2\/tags?post=922"}],"curies":[{"name":"wp","href":"https:\/\/api.w.org\/{rel}","templated":true}]}}