{"id":935,"date":"2014-08-22T18:56:46","date_gmt":"2014-08-22T16:56:46","guid":{"rendered":"http:\/\/www.haekelfieber.de\/wp-blog\/?p=935"},"modified":"2014-08-22T19:00:18","modified_gmt":"2014-08-22T17:00:18","slug":"zu-kleinholz-verarbeitet","status":"publish","type":"post","link":"https:\/\/www.haekelfieber.de\/wp-blog\/2014\/08\/zu-kleinholz-verarbeitet\/","title":{"rendered":"Zu Kleinholz verarbeitet"},"content":{"rendered":"<p>Uff &#8211; geschafft!<br \/>\nIn zweierlei Hinsicht. Einmal bin ich geschafft und zum anderen ist das Brennholz f\u00fcr den kommenden Winter geschafft! \ud83d\ude42<\/p>\n<p><a href=\"https:\/\/www.haekelfieber.de\/wp-blog\/wp-content\/uploads\/2014\/08\/2014-08-22-11.27.38.jpg\"><img loading=\"lazy\" decoding=\"async\" class=\"aligncenter wp-image-934\" src=\"https:\/\/www.haekelfieber.de\/wp-blog\/wp-content\/uploads\/2014\/08\/2014-08-22-11.27.38-768x1024.jpg\" alt=\"2014-08-22 11.27.38\" width=\"450\" height=\"600\" srcset=\"https:\/\/www.haekelfieber.de\/wp-blog\/wp-content\/uploads\/2014\/08\/2014-08-22-11.27.38-768x1024.jpg 768w, https:\/\/www.haekelfieber.de\/wp-blog\/wp-content\/uploads\/2014\/08\/2014-08-22-11.27.38-225x300.jpg 225w, https:\/\/www.haekelfieber.de\/wp-blog\/wp-content\/uploads\/2014\/08\/2014-08-22-11.27.38.jpg 1200w\" sizes=\"auto, (max-width: 450px) 100vw, 450px\" \/><\/a><br \/>\nHeute mittag haben ich und meine Mittlere (Tochter) die Regenschutzplane vom Holzstapel abgeschraubt, den Schuppen leerger\u00e4umt und auf den G\u00f6ttergatten gewartet um loszulegen. Um Kleinholz, nicht aus dem Mann, sondern dem Gro\u00dfholz zu machen \ud83d\ude42 .<\/p>\n<p><a href=\"https:\/\/www.haekelfieber.de\/wp-blog\/wp-content\/uploads\/2014\/08\/2014-08-22-13.36.44.jpg\"><img loading=\"lazy\" decoding=\"async\" class=\"aligncenter wp-image-933\" src=\"https:\/\/www.haekelfieber.de\/wp-blog\/wp-content\/uploads\/2014\/08\/2014-08-22-13.36.44-768x1024.jpg\" alt=\"2014-08-22 13.36.44\" width=\"450\" height=\"600\" srcset=\"https:\/\/www.haekelfieber.de\/wp-blog\/wp-content\/uploads\/2014\/08\/2014-08-22-13.36.44-768x1024.jpg 768w, https:\/\/www.haekelfieber.de\/wp-blog\/wp-content\/uploads\/2014\/08\/2014-08-22-13.36.44-225x300.jpg 225w, https:\/\/www.haekelfieber.de\/wp-blog\/wp-content\/uploads\/2014\/08\/2014-08-22-13.36.44.jpg 1200w\" sizes=\"auto, (max-width: 450px) 100vw, 450px\" \/><\/a><br \/>\nDie Kreiss\u00e4ge. Ich w\u00fcrde sie auch Kreischs\u00e4ge nennen. Ohrenst\u00f6psel sind im Umkreis von fast 500m ein Muss! Ansonsten kann es passieren, dass die S\u00e4ge im \u00d6hrchen noch jahrelang weiterl\u00e4uft \ud83d\ude42 . Mann &#8211; G\u00f6ttergatte &#8211; ges\u00e4gt, ich angeschlichtet, T\u00f6chter in wechselnder Besetzung das Holz angereicht.<\/p>\n<p><a href=\"https:\/\/www.haekelfieber.de\/wp-blog\/wp-content\/uploads\/2014\/08\/2014-08-22-14.34.11.jpg\"><img loading=\"lazy\" decoding=\"async\" class=\"aligncenter wp-image-928\" src=\"https:\/\/www.haekelfieber.de\/wp-blog\/wp-content\/uploads\/2014\/08\/2014-08-22-14.34.11-768x1024.jpg\" alt=\"2014-08-22 14.34.11\" width=\"450\" height=\"600\" srcset=\"https:\/\/www.haekelfieber.de\/wp-blog\/wp-content\/uploads\/2014\/08\/2014-08-22-14.34.11-768x1024.jpg 768w, https:\/\/www.haekelfieber.de\/wp-blog\/wp-content\/uploads\/2014\/08\/2014-08-22-14.34.11-225x300.jpg 225w, https:\/\/www.haekelfieber.de\/wp-blog\/wp-content\/uploads\/2014\/08\/2014-08-22-14.34.11.jpg 1200w\" sizes=\"auto, (max-width: 450px) 100vw, 450px\" \/><\/a><br \/>\nHalbzeit !<\/p>\n<p><a href=\"https:\/\/www.haekelfieber.de\/wp-blog\/wp-content\/uploads\/2014\/08\/2014-08-22-14.08.03.jpg\"><img loading=\"lazy\" decoding=\"async\" class=\"aligncenter wp-image-929\" src=\"https:\/\/www.haekelfieber.de\/wp-blog\/wp-content\/uploads\/2014\/08\/2014-08-22-14.08.03-768x1024.jpg\" alt=\"2014-08-22 14.08.03\" width=\"450\" height=\"600\" srcset=\"https:\/\/www.haekelfieber.de\/wp-blog\/wp-content\/uploads\/2014\/08\/2014-08-22-14.08.03-768x1024.jpg 768w, https:\/\/www.haekelfieber.de\/wp-blog\/wp-content\/uploads\/2014\/08\/2014-08-22-14.08.03-225x300.jpg 225w, https:\/\/www.haekelfieber.de\/wp-blog\/wp-content\/uploads\/2014\/08\/2014-08-22-14.08.03.jpg 1200w\" sizes=\"auto, (max-width: 450px) 100vw, 450px\" \/><\/a><br \/>\nIn so einem Holzstapel kreucht und fleucht so allerhand Getier umher. Die J\u00fcngste, die Mittlere und die \u00c4lteste haben es zwischendurch geschafft die S\u00e4ge mit ihrem Gekreische zu \u00fcbert\u00f6nen. Spinnenalarm!<br \/>\nZu Anfang wurden lautstark diverse Streitigkeiten untereinander ausgetragen. Mit St\u00f6psel im Ohr h\u00f6rt man weniger, die S\u00e4ge ist laut&#8230; Ich denke, wir haben die Anwohner ringsrum gut unterhalten &#8211; lautstark! \ud83d\ude42<\/p>\n<p><a href=\"https:\/\/www.haekelfieber.de\/wp-blog\/wp-content\/uploads\/2014\/08\/2014-08-22-14.02.09.jpg\"><img loading=\"lazy\" decoding=\"async\" class=\"aligncenter wp-image-931\" src=\"https:\/\/www.haekelfieber.de\/wp-blog\/wp-content\/uploads\/2014\/08\/2014-08-22-14.02.09-768x1024.jpg\" alt=\"2014-08-22 14.02.09\" width=\"450\" height=\"600\" srcset=\"https:\/\/www.haekelfieber.de\/wp-blog\/wp-content\/uploads\/2014\/08\/2014-08-22-14.02.09-768x1024.jpg 768w, https:\/\/www.haekelfieber.de\/wp-blog\/wp-content\/uploads\/2014\/08\/2014-08-22-14.02.09-225x300.jpg 225w, https:\/\/www.haekelfieber.de\/wp-blog\/wp-content\/uploads\/2014\/08\/2014-08-22-14.02.09.jpg 1200w\" sizes=\"auto, (max-width: 450px) 100vw, 450px\" \/><\/a><br \/>\nDieser wundersch\u00f6ne Schmetterling kam auch zutage.<\/p>\n<p><a href=\"https:\/\/www.haekelfieber.de\/wp-blog\/wp-content\/uploads\/2014\/08\/2014-08-22-14.02.22.jpg\"><img loading=\"lazy\" decoding=\"async\" class=\"aligncenter wp-image-930\" src=\"https:\/\/www.haekelfieber.de\/wp-blog\/wp-content\/uploads\/2014\/08\/2014-08-22-14.02.22-768x1024.jpg\" alt=\"2014-08-22 14.02.22\" width=\"450\" height=\"600\" srcset=\"https:\/\/www.haekelfieber.de\/wp-blog\/wp-content\/uploads\/2014\/08\/2014-08-22-14.02.22-768x1024.jpg 768w, https:\/\/www.haekelfieber.de\/wp-blog\/wp-content\/uploads\/2014\/08\/2014-08-22-14.02.22-225x300.jpg 225w, https:\/\/www.haekelfieber.de\/wp-blog\/wp-content\/uploads\/2014\/08\/2014-08-22-14.02.22.jpg 1200w\" sizes=\"auto, (max-width: 450px) 100vw, 450px\" \/><\/a><br \/>\nEr machte nicht die &#8222;Flatter&#8220; sondern lie\u00df sich bereitwillig bestaunen und knipsen. Staunendes Schweigen unter uns. Und dann ging&#8217;s lautstark weiter \ud83d\ude42<\/p>\n<p><a href=\"https:\/\/www.haekelfieber.de\/wp-blog\/wp-content\/uploads\/2014\/08\/2014-08-22-13.37.00.jpg\"><img loading=\"lazy\" decoding=\"async\" class=\"aligncenter wp-image-932\" src=\"https:\/\/www.haekelfieber.de\/wp-blog\/wp-content\/uploads\/2014\/08\/2014-08-22-13.37.00-768x1024.jpg\" alt=\"2014-08-22 13.37.00\" width=\"450\" height=\"600\" srcset=\"https:\/\/www.haekelfieber.de\/wp-blog\/wp-content\/uploads\/2014\/08\/2014-08-22-13.37.00-768x1024.jpg 768w, https:\/\/www.haekelfieber.de\/wp-blog\/wp-content\/uploads\/2014\/08\/2014-08-22-13.37.00-225x300.jpg 225w, https:\/\/www.haekelfieber.de\/wp-blog\/wp-content\/uploads\/2014\/08\/2014-08-22-13.37.00.jpg 1200w\" sizes=\"auto, (max-width: 450px) 100vw, 450px\" \/><\/a><br \/>\nG\u00f6ttergatte in Aktion!<\/p>\n<p><a href=\"https:\/\/www.haekelfieber.de\/wp-blog\/wp-content\/uploads\/2014\/08\/2014-08-22-15.36.10.jpg\"><img loading=\"lazy\" decoding=\"async\" class=\"aligncenter wp-image-927\" src=\"https:\/\/www.haekelfieber.de\/wp-blog\/wp-content\/uploads\/2014\/08\/2014-08-22-15.36.10-768x1024.jpg\" alt=\"2014-08-22 15.36.10\" width=\"450\" height=\"600\" srcset=\"https:\/\/www.haekelfieber.de\/wp-blog\/wp-content\/uploads\/2014\/08\/2014-08-22-15.36.10-768x1024.jpg 768w, https:\/\/www.haekelfieber.de\/wp-blog\/wp-content\/uploads\/2014\/08\/2014-08-22-15.36.10-225x300.jpg 225w, https:\/\/www.haekelfieber.de\/wp-blog\/wp-content\/uploads\/2014\/08\/2014-08-22-15.36.10.jpg 1200w\" sizes=\"auto, (max-width: 450px) 100vw, 450px\" \/><\/a><br \/>\nHolzstapel geklaut &#8211; \u00e4h &#8211; verr\u00e4umt \ud83d\ude42<\/p>\n<p><a href=\"https:\/\/www.haekelfieber.de\/wp-blog\/wp-content\/uploads\/2014\/08\/2014-08-22-16.03.20.jpg\"><img loading=\"lazy\" decoding=\"async\" class=\"aligncenter wp-image-926\" src=\"https:\/\/www.haekelfieber.de\/wp-blog\/wp-content\/uploads\/2014\/08\/2014-08-22-16.03.20-768x1024.jpg\" alt=\"2014-08-22 16.03.20\" width=\"450\" height=\"600\" srcset=\"https:\/\/www.haekelfieber.de\/wp-blog\/wp-content\/uploads\/2014\/08\/2014-08-22-16.03.20-768x1024.jpg 768w, https:\/\/www.haekelfieber.de\/wp-blog\/wp-content\/uploads\/2014\/08\/2014-08-22-16.03.20-225x300.jpg 225w, https:\/\/www.haekelfieber.de\/wp-blog\/wp-content\/uploads\/2014\/08\/2014-08-22-16.03.20.jpg 1200w\" sizes=\"auto, (max-width: 450px) 100vw, 450px\" \/><\/a><br \/>\nHolzschuppen voll! \ud83d\ude42 \ud83d\ude42<\/p>\n","protected":false},"excerpt":{"rendered":"<p>Uff &#8211; geschafft! In zweierlei Hinsicht. Einmal bin ich geschafft und zum anderen ist das Brennholz f\u00fcr den kommenden Winter geschafft! \ud83d\ude42 Heute mittag haben ich und meine Mittlere (Tochter) die Regenschutzplane vom Holzstapel abgeschraubt, den Schuppen leerger\u00e4umt und auf den G\u00f6ttergatten gewartet um loszulegen. Um Kleinholz, nicht aus dem Mann, sondern dem Gro\u00dfholz zu &hellip; <a href=\"https:\/\/www.haekelfieber.de\/wp-blog\/2014\/08\/zu-kleinholz-verarbeitet\/\" class=\"more-link\"><span class=\"screen-reader-text\">Zu Kleinholz verarbeitet<\/span> weiterlesen <span class=\"meta-nav\">&rarr;<\/span><\/a><\/p>\n","protected":false},"author":1,"featured_media":0,"comment_status":"open","ping_status":"open","sticky":false,"template":"","format":"standard","meta":{"footnotes":""},"categories":[10],"tags":[],"class_list":["post-935","post","type-post","status-publish","format-standard","hentry","category-die-natur"],"yoast_head":"<!-- This site is optimized with the Yoast SEO plugin v27.4 - https:\/\/yoast.com\/product\/yoast-seo-wordpress\/ -->\n<title>Zu Kleinholz verarbeitet - H\u00e4kelfieber<\/title>\n<meta name=\"robots\" content=\"index, follow, max-snippet:-1, max-image-preview:large, max-video-preview:-1\" \/>\n<link rel=\"canonical\" href=\"https:\/\/www.haekelfieber.de\/wp-blog\/2014\/08\/zu-kleinholz-verarbeitet\/\" \/>\n<meta property=\"og:locale\" content=\"de_DE\" \/>\n<meta property=\"og:type\" content=\"article\" \/>\n<meta property=\"og:title\" content=\"Zu Kleinholz verarbeitet - H\u00e4kelfieber\" \/>\n<meta property=\"og:description\" content=\"Uff &#8211; geschafft! In zweierlei Hinsicht. Einmal bin ich geschafft und zum anderen ist das Brennholz f\u00fcr den kommenden Winter geschafft! \ud83d\ude42 Heute mittag haben ich und meine Mittlere (Tochter) die Regenschutzplane vom Holzstapel abgeschraubt, den Schuppen leerger\u00e4umt und auf den G\u00f6ttergatten gewartet um loszulegen. Um Kleinholz, nicht aus dem Mann, sondern dem Gro\u00dfholz zu &hellip; Zu Kleinholz verarbeitet weiterlesen &rarr;\" \/>\n<meta property=\"og:url\" content=\"https:\/\/www.haekelfieber.de\/wp-blog\/2014\/08\/zu-kleinholz-verarbeitet\/\" \/>\n<meta property=\"og:site_name\" content=\"H\u00e4kelfieber\" \/>\n<meta property=\"article:published_time\" content=\"2014-08-22T16:56:46+00:00\" \/>\n<meta property=\"article:modified_time\" content=\"2014-08-22T17:00:18+00:00\" \/>\n<meta property=\"og:image\" content=\"https:\/\/www.haekelfieber.de\/wp-blog\/wp-content\/uploads\/2014\/08\/2014-08-22-11.27.38-768x1024.jpg\" \/>\n<meta name=\"author\" content=\"Jutta\" \/>\n<meta name=\"twitter:label1\" content=\"Verfasst von\" \/>\n\t<meta name=\"twitter:data1\" content=\"Jutta\" \/>\n\t<meta name=\"twitter:label2\" content=\"Gesch\u00e4tzte Lesezeit\" \/>\n\t<meta name=\"twitter:data2\" content=\"1\u00a0Minute\" \/>\n<script type=\"application\/ld+json\" class=\"yoast-schema-graph\">{\"@context\":\"https:\\\/\\\/schema.org\",\"@graph\":[{\"@type\":\"Article\",\"@id\":\"https:\\\/\\\/www.haekelfieber.de\\\/wp-blog\\\/2014\\\/08\\\/zu-kleinholz-verarbeitet\\\/#article\",\"isPartOf\":{\"@id\":\"https:\\\/\\\/www.haekelfieber.de\\\/wp-blog\\\/2014\\\/08\\\/zu-kleinholz-verarbeitet\\\/\"},\"author\":{\"name\":\"Jutta\",\"@id\":\"https:\\\/\\\/www.haekelfieber.de\\\/wp-blog\\\/#\\\/schema\\\/person\\\/08b81f8e0d3480519aadc66881dee8d7\"},\"headline\":\"Zu Kleinholz verarbeitet\",\"datePublished\":\"2014-08-22T16:56:46+00:00\",\"dateModified\":\"2014-08-22T17:00:18+00:00\",\"mainEntityOfPage\":{\"@id\":\"https:\\\/\\\/www.haekelfieber.de\\\/wp-blog\\\/2014\\\/08\\\/zu-kleinholz-verarbeitet\\\/\"},\"wordCount\":223,\"commentCount\":0,\"publisher\":{\"@id\":\"https:\\\/\\\/www.haekelfieber.de\\\/wp-blog\\\/#organization\"},\"image\":{\"@id\":\"https:\\\/\\\/www.haekelfieber.de\\\/wp-blog\\\/2014\\\/08\\\/zu-kleinholz-verarbeitet\\\/#primaryimage\"},\"thumbnailUrl\":\"https:\\\/\\\/www.haekelfieber.de\\\/wp-blog\\\/wp-content\\\/uploads\\\/2014\\\/08\\\/2014-08-22-11.27.38-768x1024.jpg\",\"articleSection\":[\"Die Natur\"],\"inLanguage\":\"de\",\"potentialAction\":[{\"@type\":\"CommentAction\",\"name\":\"Comment\",\"target\":[\"https:\\\/\\\/www.haekelfieber.de\\\/wp-blog\\\/2014\\\/08\\\/zu-kleinholz-verarbeitet\\\/#respond\"]}]},{\"@type\":\"WebPage\",\"@id\":\"https:\\\/\\\/www.haekelfieber.de\\\/wp-blog\\\/2014\\\/08\\\/zu-kleinholz-verarbeitet\\\/\",\"url\":\"https:\\\/\\\/www.haekelfieber.de\\\/wp-blog\\\/2014\\\/08\\\/zu-kleinholz-verarbeitet\\\/\",\"name\":\"Zu Kleinholz verarbeitet - H\u00e4kelfieber\",\"isPartOf\":{\"@id\":\"https:\\\/\\\/www.haekelfieber.de\\\/wp-blog\\\/#website\"},\"primaryImageOfPage\":{\"@id\":\"https:\\\/\\\/www.haekelfieber.de\\\/wp-blog\\\/2014\\\/08\\\/zu-kleinholz-verarbeitet\\\/#primaryimage\"},\"image\":{\"@id\":\"https:\\\/\\\/www.haekelfieber.de\\\/wp-blog\\\/2014\\\/08\\\/zu-kleinholz-verarbeitet\\\/#primaryimage\"},\"thumbnailUrl\":\"https:\\\/\\\/www.haekelfieber.de\\\/wp-blog\\\/wp-content\\\/uploads\\\/2014\\\/08\\\/2014-08-22-11.27.38-768x1024.jpg\",\"datePublished\":\"2014-08-22T16:56:46+00:00\",\"dateModified\":\"2014-08-22T17:00:18+00:00\",\"breadcrumb\":{\"@id\":\"https:\\\/\\\/www.haekelfieber.de\\\/wp-blog\\\/2014\\\/08\\\/zu-kleinholz-verarbeitet\\\/#breadcrumb\"},\"inLanguage\":\"de\",\"potentialAction\":[{\"@type\":\"ReadAction\",\"target\":[\"https:\\\/\\\/www.haekelfieber.de\\\/wp-blog\\\/2014\\\/08\\\/zu-kleinholz-verarbeitet\\\/\"]}]},{\"@type\":\"ImageObject\",\"inLanguage\":\"de\",\"@id\":\"https:\\\/\\\/www.haekelfieber.de\\\/wp-blog\\\/2014\\\/08\\\/zu-kleinholz-verarbeitet\\\/#primaryimage\",\"url\":\"https:\\\/\\\/www.haekelfieber.de\\\/wp-blog\\\/wp-content\\\/uploads\\\/2014\\\/08\\\/2014-08-22-11.27.38.jpg\",\"contentUrl\":\"https:\\\/\\\/www.haekelfieber.de\\\/wp-blog\\\/wp-content\\\/uploads\\\/2014\\\/08\\\/2014-08-22-11.27.38.jpg\",\"width\":1200,\"height\":1600},{\"@type\":\"BreadcrumbList\",\"@id\":\"https:\\\/\\\/www.haekelfieber.de\\\/wp-blog\\\/2014\\\/08\\\/zu-kleinholz-verarbeitet\\\/#breadcrumb\",\"itemListElement\":[{\"@type\":\"ListItem\",\"position\":1,\"name\":\"Home\",\"item\":\"https:\\\/\\\/www.haekelfieber.de\\\/wp-blog\\\/\"},{\"@type\":\"ListItem\",\"position\":2,\"name\":\"Zu Kleinholz verarbeitet\"}]},{\"@type\":\"WebSite\",\"@id\":\"https:\\\/\\\/www.haekelfieber.de\\\/wp-blog\\\/#website\",\"url\":\"https:\\\/\\\/www.haekelfieber.de\\\/wp-blog\\\/\",\"name\":\"H\u00e4kelfieber\",\"description\":\"Ich bin im...\",\"publisher\":{\"@id\":\"https:\\\/\\\/www.haekelfieber.de\\\/wp-blog\\\/#organization\"},\"potentialAction\":[{\"@type\":\"SearchAction\",\"target\":{\"@type\":\"EntryPoint\",\"urlTemplate\":\"https:\\\/\\\/www.haekelfieber.de\\\/wp-blog\\\/?s={search_term_string}\"},\"query-input\":{\"@type\":\"PropertyValueSpecification\",\"valueRequired\":true,\"valueName\":\"search_term_string\"}}],\"inLanguage\":\"de\"},{\"@type\":\"Organization\",\"@id\":\"https:\\\/\\\/www.haekelfieber.de\\\/wp-blog\\\/#organization\",\"name\":\"H\u00e4kelfieber\",\"url\":\"https:\\\/\\\/www.haekelfieber.de\\\/wp-blog\\\/\",\"logo\":{\"@type\":\"ImageObject\",\"inLanguage\":\"de\",\"@id\":\"https:\\\/\\\/www.haekelfieber.de\\\/wp-blog\\\/#\\\/schema\\\/logo\\\/image\\\/\",\"url\":\"https:\\\/\\\/www.haekelfieber.de\\\/wp-blog\\\/wp-content\\\/uploads\\\/2023\\\/03\\\/kissen-haekeln2.jpg\",\"contentUrl\":\"https:\\\/\\\/www.haekelfieber.de\\\/wp-blog\\\/wp-content\\\/uploads\\\/2023\\\/03\\\/kissen-haekeln2.jpg\",\"width\":683,\"height\":1024,\"caption\":\"H\u00e4kelfieber\"},\"image\":{\"@id\":\"https:\\\/\\\/www.haekelfieber.de\\\/wp-blog\\\/#\\\/schema\\\/logo\\\/image\\\/\"}},{\"@type\":\"Person\",\"@id\":\"https:\\\/\\\/www.haekelfieber.de\\\/wp-blog\\\/#\\\/schema\\\/person\\\/08b81f8e0d3480519aadc66881dee8d7\",\"name\":\"Jutta\",\"image\":{\"@type\":\"ImageObject\",\"inLanguage\":\"de\",\"@id\":\"https:\\\/\\\/secure.gravatar.com\\\/avatar\\\/4fb96a09981d3eab52fd94765c38a5395ca69a563a8cd98c172ef85375636d9d?s=96&d=mm&r=g\",\"url\":\"https:\\\/\\\/secure.gravatar.com\\\/avatar\\\/4fb96a09981d3eab52fd94765c38a5395ca69a563a8cd98c172ef85375636d9d?s=96&d=mm&r=g\",\"contentUrl\":\"https:\\\/\\\/secure.gravatar.com\\\/avatar\\\/4fb96a09981d3eab52fd94765c38a5395ca69a563a8cd98c172ef85375636d9d?s=96&d=mm&r=g\",\"caption\":\"Jutta\"},\"url\":\"https:\\\/\\\/www.haekelfieber.de\\\/wp-blog\\\/author\\\/admin\\\/\"}]}<\/script>\n<!-- \/ Yoast SEO plugin. -->","yoast_head_json":{"title":"Zu Kleinholz verarbeitet - H\u00e4kelfieber","robots":{"index":"index","follow":"follow","max-snippet":"max-snippet:-1","max-image-preview":"max-image-preview:large","max-video-preview":"max-video-preview:-1"},"canonical":"https:\/\/www.haekelfieber.de\/wp-blog\/2014\/08\/zu-kleinholz-verarbeitet\/","og_locale":"de_DE","og_type":"article","og_title":"Zu Kleinholz verarbeitet - H\u00e4kelfieber","og_description":"Uff &#8211; geschafft! In zweierlei Hinsicht. Einmal bin ich geschafft und zum anderen ist das Brennholz f\u00fcr den kommenden Winter geschafft! \ud83d\ude42 Heute mittag haben ich und meine Mittlere (Tochter) die Regenschutzplane vom Holzstapel abgeschraubt, den Schuppen leerger\u00e4umt und auf den G\u00f6ttergatten gewartet um loszulegen. Um Kleinholz, nicht aus dem Mann, sondern dem Gro\u00dfholz zu &hellip; Zu Kleinholz verarbeitet weiterlesen &rarr;","og_url":"https:\/\/www.haekelfieber.de\/wp-blog\/2014\/08\/zu-kleinholz-verarbeitet\/","og_site_name":"H\u00e4kelfieber","article_published_time":"2014-08-22T16:56:46+00:00","article_modified_time":"2014-08-22T17:00:18+00:00","og_image":[{"url":"https:\/\/www.haekelfieber.de\/wp-blog\/wp-content\/uploads\/2014\/08\/2014-08-22-11.27.38-768x1024.jpg","type":"","width":"","height":""}],"author":"Jutta","twitter_misc":{"Verfasst von":"Jutta","Gesch\u00e4tzte Lesezeit":"1\u00a0Minute"},"schema":{"@context":"https:\/\/schema.org","@graph":[{"@type":"Article","@id":"https:\/\/www.haekelfieber.de\/wp-blog\/2014\/08\/zu-kleinholz-verarbeitet\/#article","isPartOf":{"@id":"https:\/\/www.haekelfieber.de\/wp-blog\/2014\/08\/zu-kleinholz-verarbeitet\/"},"author":{"name":"Jutta","@id":"https:\/\/www.haekelfieber.de\/wp-blog\/#\/schema\/person\/08b81f8e0d3480519aadc66881dee8d7"},"headline":"Zu Kleinholz verarbeitet","datePublished":"2014-08-22T16:56:46+00:00","dateModified":"2014-08-22T17:00:18+00:00","mainEntityOfPage":{"@id":"https:\/\/www.haekelfieber.de\/wp-blog\/2014\/08\/zu-kleinholz-verarbeitet\/"},"wordCount":223,"commentCount":0,"publisher":{"@id":"https:\/\/www.haekelfieber.de\/wp-blog\/#organization"},"image":{"@id":"https:\/\/www.haekelfieber.de\/wp-blog\/2014\/08\/zu-kleinholz-verarbeitet\/#primaryimage"},"thumbnailUrl":"https:\/\/www.haekelfieber.de\/wp-blog\/wp-content\/uploads\/2014\/08\/2014-08-22-11.27.38-768x1024.jpg","articleSection":["Die Natur"],"inLanguage":"de","potentialAction":[{"@type":"CommentAction","name":"Comment","target":["https:\/\/www.haekelfieber.de\/wp-blog\/2014\/08\/zu-kleinholz-verarbeitet\/#respond"]}]},{"@type":"WebPage","@id":"https:\/\/www.haekelfieber.de\/wp-blog\/2014\/08\/zu-kleinholz-verarbeitet\/","url":"https:\/\/www.haekelfieber.de\/wp-blog\/2014\/08\/zu-kleinholz-verarbeitet\/","name":"Zu Kleinholz verarbeitet - H\u00e4kelfieber","isPartOf":{"@id":"https:\/\/www.haekelfieber.de\/wp-blog\/#website"},"primaryImageOfPage":{"@id":"https:\/\/www.haekelfieber.de\/wp-blog\/2014\/08\/zu-kleinholz-verarbeitet\/#primaryimage"},"image":{"@id":"https:\/\/www.haekelfieber.de\/wp-blog\/2014\/08\/zu-kleinholz-verarbeitet\/#primaryimage"},"thumbnailUrl":"https:\/\/www.haekelfieber.de\/wp-blog\/wp-content\/uploads\/2014\/08\/2014-08-22-11.27.38-768x1024.jpg","datePublished":"2014-08-22T16:56:46+00:00","dateModified":"2014-08-22T17:00:18+00:00","breadcrumb":{"@id":"https:\/\/www.haekelfieber.de\/wp-blog\/2014\/08\/zu-kleinholz-verarbeitet\/#breadcrumb"},"inLanguage":"de","potentialAction":[{"@type":"ReadAction","target":["https:\/\/www.haekelfieber.de\/wp-blog\/2014\/08\/zu-kleinholz-verarbeitet\/"]}]},{"@type":"ImageObject","inLanguage":"de","@id":"https:\/\/www.haekelfieber.de\/wp-blog\/2014\/08\/zu-kleinholz-verarbeitet\/#primaryimage","url":"https:\/\/www.haekelfieber.de\/wp-blog\/wp-content\/uploads\/2014\/08\/2014-08-22-11.27.38.jpg","contentUrl":"https:\/\/www.haekelfieber.de\/wp-blog\/wp-content\/uploads\/2014\/08\/2014-08-22-11.27.38.jpg","width":1200,"height":1600},{"@type":"BreadcrumbList","@id":"https:\/\/www.haekelfieber.de\/wp-blog\/2014\/08\/zu-kleinholz-verarbeitet\/#breadcrumb","itemListElement":[{"@type":"ListItem","position":1,"name":"Home","item":"https:\/\/www.haekelfieber.de\/wp-blog\/"},{"@type":"ListItem","position":2,"name":"Zu Kleinholz verarbeitet"}]},{"@type":"WebSite","@id":"https:\/\/www.haekelfieber.de\/wp-blog\/#website","url":"https:\/\/www.haekelfieber.de\/wp-blog\/","name":"H\u00e4kelfieber","description":"Ich bin im...","publisher":{"@id":"https:\/\/www.haekelfieber.de\/wp-blog\/#organization"},"potentialAction":[{"@type":"SearchAction","target":{"@type":"EntryPoint","urlTemplate":"https:\/\/www.haekelfieber.de\/wp-blog\/?s={search_term_string}"},"query-input":{"@type":"PropertyValueSpecification","valueRequired":true,"valueName":"search_term_string"}}],"inLanguage":"de"},{"@type":"Organization","@id":"https:\/\/www.haekelfieber.de\/wp-blog\/#organization","name":"H\u00e4kelfieber","url":"https:\/\/www.haekelfieber.de\/wp-blog\/","logo":{"@type":"ImageObject","inLanguage":"de","@id":"https:\/\/www.haekelfieber.de\/wp-blog\/#\/schema\/logo\/image\/","url":"https:\/\/www.haekelfieber.de\/wp-blog\/wp-content\/uploads\/2023\/03\/kissen-haekeln2.jpg","contentUrl":"https:\/\/www.haekelfieber.de\/wp-blog\/wp-content\/uploads\/2023\/03\/kissen-haekeln2.jpg","width":683,"height":1024,"caption":"H\u00e4kelfieber"},"image":{"@id":"https:\/\/www.haekelfieber.de\/wp-blog\/#\/schema\/logo\/image\/"}},{"@type":"Person","@id":"https:\/\/www.haekelfieber.de\/wp-blog\/#\/schema\/person\/08b81f8e0d3480519aadc66881dee8d7","name":"Jutta","image":{"@type":"ImageObject","inLanguage":"de","@id":"https:\/\/secure.gravatar.com\/avatar\/4fb96a09981d3eab52fd94765c38a5395ca69a563a8cd98c172ef85375636d9d?s=96&d=mm&r=g","url":"https:\/\/secure.gravatar.com\/avatar\/4fb96a09981d3eab52fd94765c38a5395ca69a563a8cd98c172ef85375636d9d?s=96&d=mm&r=g","contentUrl":"https:\/\/secure.gravatar.com\/avatar\/4fb96a09981d3eab52fd94765c38a5395ca69a563a8cd98c172ef85375636d9d?s=96&d=mm&r=g","caption":"Jutta"},"url":"https:\/\/www.haekelfieber.de\/wp-blog\/author\/admin\/"}]}},"_links":{"self":[{"href":"https:\/\/www.haekelfieber.de\/wp-blog\/wp-json\/wp\/v2\/posts\/935","targetHints":{"allow":["GET"]}}],"collection":[{"href":"https:\/\/www.haekelfieber.de\/wp-blog\/wp-json\/wp\/v2\/posts"}],"about":[{"href":"https:\/\/www.haekelfieber.de\/wp-blog\/wp-json\/wp\/v2\/types\/post"}],"author":[{"embeddable":true,"href":"https:\/\/www.haekelfieber.de\/wp-blog\/wp-json\/wp\/v2\/users\/1"}],"replies":[{"embeddable":true,"href":"https:\/\/www.haekelfieber.de\/wp-blog\/wp-json\/wp\/v2\/comments?post=935"}],"version-history":[{"count":4,"href":"https:\/\/www.haekelfieber.de\/wp-blog\/wp-json\/wp\/v2\/posts\/935\/revisions"}],"predecessor-version":[{"id":939,"href":"https:\/\/www.haekelfieber.de\/wp-blog\/wp-json\/wp\/v2\/posts\/935\/revisions\/939"}],"wp:attachment":[{"href":"https:\/\/www.haekelfieber.de\/wp-blog\/wp-json\/wp\/v2\/media?parent=935"}],"wp:term":[{"taxonomy":"category","embeddable":true,"href":"https:\/\/www.haekelfieber.de\/wp-blog\/wp-json\/wp\/v2\/categories?post=935"},{"taxonomy":"post_tag","embeddable":true,"href":"https:\/\/www.haekelfieber.de\/wp-blog\/wp-json\/wp\/v2\/tags?post=935"}],"curies":[{"name":"wp","href":"https:\/\/api.w.org\/{rel}","templated":true}]}}