{"id":965,"date":"2014-08-25T21:21:54","date_gmt":"2014-08-25T19:21:54","guid":{"rendered":"http:\/\/www.haekelfieber.de\/wp-blog\/?p=965"},"modified":"2014-08-25T21:24:36","modified_gmt":"2014-08-25T19:24:36","slug":"die-neue-wandfarbe","status":"publish","type":"post","link":"https:\/\/www.haekelfieber.de\/wp-blog\/2014\/08\/die-neue-wandfarbe\/","title":{"rendered":"Die neue Wandfarbe"},"content":{"rendered":"<p><a href=\"https:\/\/www.haekelfieber.de\/wp-blog\/wp-content\/uploads\/2014\/08\/2014-08-25-09.56.19.jpg\"><img loading=\"lazy\" decoding=\"async\" class=\"aligncenter wp-image-959\" src=\"https:\/\/www.haekelfieber.de\/wp-blog\/wp-content\/uploads\/2014\/08\/2014-08-25-09.56.19-768x1024.jpg\" alt=\"2014-08-25 09.56.19\" width=\"450\" height=\"600\" srcset=\"https:\/\/www.haekelfieber.de\/wp-blog\/wp-content\/uploads\/2014\/08\/2014-08-25-09.56.19-768x1024.jpg 768w, https:\/\/www.haekelfieber.de\/wp-blog\/wp-content\/uploads\/2014\/08\/2014-08-25-09.56.19-225x300.jpg 225w, https:\/\/www.haekelfieber.de\/wp-blog\/wp-content\/uploads\/2014\/08\/2014-08-25-09.56.19.jpg 1200w\" sizes=\"auto, (max-width: 450px) 100vw, 450px\" \/><\/a><br \/>\nNeulich hab&#8216; ich mir eine, wie ich finde, sehr sch\u00f6ne Wandfarbe anmischen lassen. Mit der Absicht, mindestens noch am gleichen Tag mit dem Streichen zu beginnen. Tja, man nimmt sich was vor und garantiert kommt was dazwischen. So war&#8217;s bei mir. Also stand der Farbeimer rum und rum und rum. Oft, wenn ich an ihm vorbeikam, dachte ich: &#8222;Jetzt musst du aber bald mal loslegen!!&#8220;. Fatal, das &#8222;musst&#8220;. Denn wenn ein &#8222;mu\u00df&#8220; auftaucht, geht die Lust fl\u00f6ten, oft jedenfalls.Die Angelegenheit mit dem Streichen hat sich von selbst gel\u00f6st. Die Mittlere fand die Farbe so sch\u00f6n wie ich und hat kurzerhand ihr Zimmer damit gestrichen.<\/p>\n<p><a href=\"https:\/\/www.haekelfieber.de\/wp-blog\/wp-content\/uploads\/2014\/08\/2014-08-25-09.54.14.jpg\"><img loading=\"lazy\" decoding=\"async\" class=\"aligncenter wp-image-960\" src=\"https:\/\/www.haekelfieber.de\/wp-blog\/wp-content\/uploads\/2014\/08\/2014-08-25-09.54.14-768x1024.jpg\" alt=\"2014-08-25 09.54.14\" width=\"450\" height=\"600\" srcset=\"https:\/\/www.haekelfieber.de\/wp-blog\/wp-content\/uploads\/2014\/08\/2014-08-25-09.54.14-768x1024.jpg 768w, https:\/\/www.haekelfieber.de\/wp-blog\/wp-content\/uploads\/2014\/08\/2014-08-25-09.54.14-225x300.jpg 225w, https:\/\/www.haekelfieber.de\/wp-blog\/wp-content\/uploads\/2014\/08\/2014-08-25-09.54.14.jpg 1200w\" sizes=\"auto, (max-width: 450px) 100vw, 450px\" \/><\/a><br \/>\nIch finde die Farbe einfach toll! Werde sie mir nochmal mischen lassen und dann&#8230;<br \/>\nAber jetzt zeige ich euch ein paar Bilder. Mit der Genehmigung meiner Tochter, nat\u00fcrlich.<\/p>\n<p><a href=\"https:\/\/www.haekelfieber.de\/wp-blog\/wp-content\/uploads\/2014\/08\/2014-08-25-19.43.32.jpg\"><img loading=\"lazy\" decoding=\"async\" class=\"aligncenter wp-image-958\" src=\"https:\/\/www.haekelfieber.de\/wp-blog\/wp-content\/uploads\/2014\/08\/2014-08-25-19.43.32-768x1024.jpg\" alt=\"2014-08-25 19.43.32\" width=\"450\" height=\"600\" srcset=\"https:\/\/www.haekelfieber.de\/wp-blog\/wp-content\/uploads\/2014\/08\/2014-08-25-19.43.32-768x1024.jpg 768w, https:\/\/www.haekelfieber.de\/wp-blog\/wp-content\/uploads\/2014\/08\/2014-08-25-19.43.32-225x300.jpg 225w, https:\/\/www.haekelfieber.de\/wp-blog\/wp-content\/uploads\/2014\/08\/2014-08-25-19.43.32.jpg 1200w\" sizes=\"auto, (max-width: 450px) 100vw, 450px\" \/><\/a><br \/>\nDiese Lampe muss mein G\u00f6ttergatte ihr noch aufh\u00e4ngen &#8211; \u00fcber ihrem selbstgezimmerten Tablettisch.<\/p>\n<p><a href=\"https:\/\/www.haekelfieber.de\/wp-blog\/wp-content\/uploads\/2014\/08\/2014-08-25-09.51.51.jpg\"><img loading=\"lazy\" decoding=\"async\" class=\"aligncenter wp-image-964\" src=\"https:\/\/www.haekelfieber.de\/wp-blog\/wp-content\/uploads\/2014\/08\/2014-08-25-09.51.51-768x1024.jpg\" alt=\"2014-08-25 09.51.51\" width=\"450\" height=\"600\" srcset=\"https:\/\/www.haekelfieber.de\/wp-blog\/wp-content\/uploads\/2014\/08\/2014-08-25-09.51.51-768x1024.jpg 768w, https:\/\/www.haekelfieber.de\/wp-blog\/wp-content\/uploads\/2014\/08\/2014-08-25-09.51.51-225x300.jpg 225w, https:\/\/www.haekelfieber.de\/wp-blog\/wp-content\/uploads\/2014\/08\/2014-08-25-09.51.51.jpg 1200w\" sizes=\"auto, (max-width: 450px) 100vw, 450px\" \/><\/a><br \/>\nDieser Hocker ist ihr Flohmarktfundst\u00fcck vom Wochenende. Sch\u00f6n, wenn der Nachwuchs eigene Leidenschaften teilt \ud83d\ude42 , wenn auch nicht so ausgepr\u00e4gt \ud83d\ude09<\/p>\n<p><a href=\"https:\/\/www.haekelfieber.de\/wp-blog\/wp-content\/uploads\/2014\/08\/2014-08-25-09.52.04.jpg\"><img loading=\"lazy\" decoding=\"async\" class=\"aligncenter wp-image-963\" src=\"https:\/\/www.haekelfieber.de\/wp-blog\/wp-content\/uploads\/2014\/08\/2014-08-25-09.52.04-768x1024.jpg\" alt=\"2014-08-25 09.52.04\" width=\"450\" height=\"600\" srcset=\"https:\/\/www.haekelfieber.de\/wp-blog\/wp-content\/uploads\/2014\/08\/2014-08-25-09.52.04-768x1024.jpg 768w, https:\/\/www.haekelfieber.de\/wp-blog\/wp-content\/uploads\/2014\/08\/2014-08-25-09.52.04-225x300.jpg 225w, https:\/\/www.haekelfieber.de\/wp-blog\/wp-content\/uploads\/2014\/08\/2014-08-25-09.52.04.jpg 1200w\" sizes=\"auto, (max-width: 450px) 100vw, 450px\" \/><\/a><br \/>\nDie Stzfl\u00e4che, sowie einen Teil der Hockerbeine hat sie in Mint lackiert.<\/p>\n<p><a href=\"https:\/\/www.haekelfieber.de\/wp-blog\/wp-content\/uploads\/2014\/08\/2014-08-25-09.52.18.jpg\"><img loading=\"lazy\" decoding=\"async\" class=\"aligncenter wp-image-962\" src=\"https:\/\/www.haekelfieber.de\/wp-blog\/wp-content\/uploads\/2014\/08\/2014-08-25-09.52.18-768x1024.jpg\" alt=\"2014-08-25 09.52.18\" width=\"450\" height=\"600\" srcset=\"https:\/\/www.haekelfieber.de\/wp-blog\/wp-content\/uploads\/2014\/08\/2014-08-25-09.52.18-768x1024.jpg 768w, https:\/\/www.haekelfieber.de\/wp-blog\/wp-content\/uploads\/2014\/08\/2014-08-25-09.52.18-225x300.jpg 225w, https:\/\/www.haekelfieber.de\/wp-blog\/wp-content\/uploads\/2014\/08\/2014-08-25-09.52.18.jpg 1200w\" sizes=\"auto, (max-width: 450px) 100vw, 450px\" \/><\/a><br \/>\nAuf dem Tabletttisch hat sie ihre selbstges\u00e4gten &#8222;Teelichtstelen&#8220; mit dem Leuchtball arangiert.<\/p>\n<p><a href=\"https:\/\/www.haekelfieber.de\/wp-blog\/wp-content\/uploads\/2014\/08\/2014-08-25-09.52.29.jpg\"><img loading=\"lazy\" decoding=\"async\" class=\"aligncenter wp-image-961\" src=\"https:\/\/www.haekelfieber.de\/wp-blog\/wp-content\/uploads\/2014\/08\/2014-08-25-09.52.29-768x1024.jpg\" alt=\"2014-08-25 09.52.29\" width=\"450\" height=\"600\" srcset=\"https:\/\/www.haekelfieber.de\/wp-blog\/wp-content\/uploads\/2014\/08\/2014-08-25-09.52.29-768x1024.jpg 768w, https:\/\/www.haekelfieber.de\/wp-blog\/wp-content\/uploads\/2014\/08\/2014-08-25-09.52.29-225x300.jpg 225w, https:\/\/www.haekelfieber.de\/wp-blog\/wp-content\/uploads\/2014\/08\/2014-08-25-09.52.29.jpg 1200w\" sizes=\"auto, (max-width: 450px) 100vw, 450px\" \/><\/a><br \/>\nWer hat das Statement?<\/p>\n<p><a href=\"https:\/\/www.haekelfieber.de\/wp-blog\/wp-content\/uploads\/2014\/08\/2014-08-25-19.51.15.jpg\"><img loading=\"lazy\" decoding=\"async\" class=\"aligncenter wp-image-956\" src=\"https:\/\/www.haekelfieber.de\/wp-blog\/wp-content\/uploads\/2014\/08\/2014-08-25-19.51.15-768x1024.jpg\" alt=\"2014-08-25 19.51.15\" width=\"450\" height=\"600\" srcset=\"https:\/\/www.haekelfieber.de\/wp-blog\/wp-content\/uploads\/2014\/08\/2014-08-25-19.51.15-768x1024.jpg 768w, https:\/\/www.haekelfieber.de\/wp-blog\/wp-content\/uploads\/2014\/08\/2014-08-25-19.51.15-225x300.jpg 225w, https:\/\/www.haekelfieber.de\/wp-blog\/wp-content\/uploads\/2014\/08\/2014-08-25-19.51.15.jpg 1200w\" sizes=\"auto, (max-width: 450px) 100vw, 450px\" \/><\/a><br \/>\nDie Kette! Eine Statementkette \ud83d\ude09<\/p>\n<p><a href=\"https:\/\/www.haekelfieber.de\/wp-blog\/wp-content\/uploads\/2014\/08\/2014-08-25-19.45.03.jpg\"><img loading=\"lazy\" decoding=\"async\" class=\"aligncenter wp-image-957\" src=\"https:\/\/www.haekelfieber.de\/wp-blog\/wp-content\/uploads\/2014\/08\/2014-08-25-19.45.03-768x1024.jpg\" alt=\"2014-08-25 19.45.03\" width=\"450\" height=\"600\" srcset=\"https:\/\/www.haekelfieber.de\/wp-blog\/wp-content\/uploads\/2014\/08\/2014-08-25-19.45.03-768x1024.jpg 768w, https:\/\/www.haekelfieber.de\/wp-blog\/wp-content\/uploads\/2014\/08\/2014-08-25-19.45.03-225x300.jpg 225w, https:\/\/www.haekelfieber.de\/wp-blog\/wp-content\/uploads\/2014\/08\/2014-08-25-19.45.03.jpg 1200w\" sizes=\"auto, (max-width: 450px) 100vw, 450px\" \/><\/a><br \/>\nDie Kugelleuchte erleuchtet \ud83d\ude42<\/p>\n<p><a href=\"https:\/\/www.haekelfieber.de\/wp-blog\/wp-content\/uploads\/2014\/08\/2014-08-25-19.58.39.jpg\"><img loading=\"lazy\" decoding=\"async\" class=\"aligncenter wp-image-955\" src=\"https:\/\/www.haekelfieber.de\/wp-blog\/wp-content\/uploads\/2014\/08\/2014-08-25-19.58.39-768x1024.jpg\" alt=\"2014-08-25 19.58.39\" width=\"450\" height=\"600\" srcset=\"https:\/\/www.haekelfieber.de\/wp-blog\/wp-content\/uploads\/2014\/08\/2014-08-25-19.58.39-768x1024.jpg 768w, https:\/\/www.haekelfieber.de\/wp-blog\/wp-content\/uploads\/2014\/08\/2014-08-25-19.58.39-225x300.jpg 225w, https:\/\/www.haekelfieber.de\/wp-blog\/wp-content\/uploads\/2014\/08\/2014-08-25-19.58.39.jpg 1200w\" sizes=\"auto, (max-width: 450px) 100vw, 450px\" \/><\/a><br \/>\nUnd weil das Fotografieren so viel Spass machte &#8211; noch ein kleines &#8222;Leckerli&#8220; f\u00fcr&#8217;s Auge. Die s\u00fc\u00dfen Karten (nicht zu verwechseln mit dem Schachteldeckel) gibt&#8217;s im gro\u00dfen schwedischen M\u00f6belhaus zu kaufen. 5 St\u00fcck f\u00fcr 1,99 \u20ac. Super Sache, finde ich \ud83d\ude42 .<\/p>\n","protected":false},"excerpt":{"rendered":"<p>Neulich hab&#8216; ich mir eine, wie ich finde, sehr sch\u00f6ne Wandfarbe anmischen lassen. Mit der Absicht, mindestens noch am gleichen Tag mit dem Streichen zu beginnen. Tja, man nimmt sich was vor und garantiert kommt was dazwischen. So war&#8217;s bei mir. Also stand der Farbeimer rum und rum und rum. Oft, wenn ich an ihm &hellip; <a href=\"https:\/\/www.haekelfieber.de\/wp-blog\/2014\/08\/die-neue-wandfarbe\/\" class=\"more-link\"><span class=\"screen-reader-text\">Die neue Wandfarbe<\/span> weiterlesen <span class=\"meta-nav\">&rarr;<\/span><\/a><\/p>\n","protected":false},"author":1,"featured_media":0,"comment_status":"open","ping_status":"open","sticky":false,"template":"","format":"standard","meta":{"footnotes":""},"categories":[8,1],"tags":[],"class_list":["post-965","post","type-post","status-publish","format-standard","hentry","category-flohmarktschaetze","category-manch-anderes"],"yoast_head":"<!-- This site is optimized with the Yoast SEO plugin v27.5 - https:\/\/yoast.com\/product\/yoast-seo-wordpress\/ -->\n<title>Die neue Wandfarbe - H\u00e4kelfieber<\/title>\n<meta name=\"robots\" content=\"index, follow, max-snippet:-1, max-image-preview:large, max-video-preview:-1\" \/>\n<link rel=\"canonical\" href=\"https:\/\/www.haekelfieber.de\/wp-blog\/2014\/08\/die-neue-wandfarbe\/\" \/>\n<meta property=\"og:locale\" content=\"de_DE\" \/>\n<meta property=\"og:type\" content=\"article\" \/>\n<meta property=\"og:title\" content=\"Die neue Wandfarbe - H\u00e4kelfieber\" \/>\n<meta property=\"og:description\" content=\"Neulich hab&#8216; ich mir eine, wie ich finde, sehr sch\u00f6ne Wandfarbe anmischen lassen. Mit der Absicht, mindestens noch am gleichen Tag mit dem Streichen zu beginnen. Tja, man nimmt sich was vor und garantiert kommt was dazwischen. So war&#8217;s bei mir. Also stand der Farbeimer rum und rum und rum. Oft, wenn ich an ihm &hellip; Die neue Wandfarbe weiterlesen &rarr;\" \/>\n<meta property=\"og:url\" content=\"https:\/\/www.haekelfieber.de\/wp-blog\/2014\/08\/die-neue-wandfarbe\/\" \/>\n<meta property=\"og:site_name\" content=\"H\u00e4kelfieber\" \/>\n<meta property=\"article:published_time\" content=\"2014-08-25T19:21:54+00:00\" \/>\n<meta property=\"article:modified_time\" content=\"2014-08-25T19:24:36+00:00\" \/>\n<meta property=\"og:image\" content=\"https:\/\/www.haekelfieber.de\/wp-blog\/wp-content\/uploads\/2014\/08\/2014-08-25-09.56.19-768x1024.jpg\" \/>\n<meta name=\"author\" content=\"Jutta\" \/>\n<meta name=\"twitter:label1\" content=\"Verfasst von\" \/>\n\t<meta name=\"twitter:data1\" content=\"Jutta\" \/>\n\t<meta name=\"twitter:label2\" content=\"Gesch\u00e4tzte Lesezeit\" \/>\n\t<meta name=\"twitter:data2\" content=\"1\u00a0Minute\" \/>\n<script type=\"application\/ld+json\" class=\"yoast-schema-graph\">{\"@context\":\"https:\\\/\\\/schema.org\",\"@graph\":[{\"@type\":\"Article\",\"@id\":\"https:\\\/\\\/www.haekelfieber.de\\\/wp-blog\\\/2014\\\/08\\\/die-neue-wandfarbe\\\/#article\",\"isPartOf\":{\"@id\":\"https:\\\/\\\/www.haekelfieber.de\\\/wp-blog\\\/2014\\\/08\\\/die-neue-wandfarbe\\\/\"},\"author\":{\"name\":\"Jutta\",\"@id\":\"https:\\\/\\\/www.haekelfieber.de\\\/wp-blog\\\/#\\\/schema\\\/person\\\/08b81f8e0d3480519aadc66881dee8d7\"},\"headline\":\"Die neue Wandfarbe\",\"datePublished\":\"2014-08-25T19:21:54+00:00\",\"dateModified\":\"2014-08-25T19:24:36+00:00\",\"mainEntityOfPage\":{\"@id\":\"https:\\\/\\\/www.haekelfieber.de\\\/wp-blog\\\/2014\\\/08\\\/die-neue-wandfarbe\\\/\"},\"wordCount\":261,\"commentCount\":0,\"publisher\":{\"@id\":\"https:\\\/\\\/www.haekelfieber.de\\\/wp-blog\\\/#organization\"},\"image\":{\"@id\":\"https:\\\/\\\/www.haekelfieber.de\\\/wp-blog\\\/2014\\\/08\\\/die-neue-wandfarbe\\\/#primaryimage\"},\"thumbnailUrl\":\"https:\\\/\\\/www.haekelfieber.de\\\/wp-blog\\\/wp-content\\\/uploads\\\/2014\\\/08\\\/2014-08-25-09.56.19-768x1024.jpg\",\"articleSection\":[\"Flohmarktsch\u00e4tze\",\"Manch anderes\"],\"inLanguage\":\"de\",\"potentialAction\":[{\"@type\":\"CommentAction\",\"name\":\"Comment\",\"target\":[\"https:\\\/\\\/www.haekelfieber.de\\\/wp-blog\\\/2014\\\/08\\\/die-neue-wandfarbe\\\/#respond\"]}]},{\"@type\":\"WebPage\",\"@id\":\"https:\\\/\\\/www.haekelfieber.de\\\/wp-blog\\\/2014\\\/08\\\/die-neue-wandfarbe\\\/\",\"url\":\"https:\\\/\\\/www.haekelfieber.de\\\/wp-blog\\\/2014\\\/08\\\/die-neue-wandfarbe\\\/\",\"name\":\"Die neue Wandfarbe - H\u00e4kelfieber\",\"isPartOf\":{\"@id\":\"https:\\\/\\\/www.haekelfieber.de\\\/wp-blog\\\/#website\"},\"primaryImageOfPage\":{\"@id\":\"https:\\\/\\\/www.haekelfieber.de\\\/wp-blog\\\/2014\\\/08\\\/die-neue-wandfarbe\\\/#primaryimage\"},\"image\":{\"@id\":\"https:\\\/\\\/www.haekelfieber.de\\\/wp-blog\\\/2014\\\/08\\\/die-neue-wandfarbe\\\/#primaryimage\"},\"thumbnailUrl\":\"https:\\\/\\\/www.haekelfieber.de\\\/wp-blog\\\/wp-content\\\/uploads\\\/2014\\\/08\\\/2014-08-25-09.56.19-768x1024.jpg\",\"datePublished\":\"2014-08-25T19:21:54+00:00\",\"dateModified\":\"2014-08-25T19:24:36+00:00\",\"breadcrumb\":{\"@id\":\"https:\\\/\\\/www.haekelfieber.de\\\/wp-blog\\\/2014\\\/08\\\/die-neue-wandfarbe\\\/#breadcrumb\"},\"inLanguage\":\"de\",\"potentialAction\":[{\"@type\":\"ReadAction\",\"target\":[\"https:\\\/\\\/www.haekelfieber.de\\\/wp-blog\\\/2014\\\/08\\\/die-neue-wandfarbe\\\/\"]}]},{\"@type\":\"ImageObject\",\"inLanguage\":\"de\",\"@id\":\"https:\\\/\\\/www.haekelfieber.de\\\/wp-blog\\\/2014\\\/08\\\/die-neue-wandfarbe\\\/#primaryimage\",\"url\":\"https:\\\/\\\/www.haekelfieber.de\\\/wp-blog\\\/wp-content\\\/uploads\\\/2014\\\/08\\\/2014-08-25-09.56.19.jpg\",\"contentUrl\":\"https:\\\/\\\/www.haekelfieber.de\\\/wp-blog\\\/wp-content\\\/uploads\\\/2014\\\/08\\\/2014-08-25-09.56.19.jpg\",\"width\":1200,\"height\":1600},{\"@type\":\"BreadcrumbList\",\"@id\":\"https:\\\/\\\/www.haekelfieber.de\\\/wp-blog\\\/2014\\\/08\\\/die-neue-wandfarbe\\\/#breadcrumb\",\"itemListElement\":[{\"@type\":\"ListItem\",\"position\":1,\"name\":\"Home\",\"item\":\"https:\\\/\\\/www.haekelfieber.de\\\/wp-blog\\\/\"},{\"@type\":\"ListItem\",\"position\":2,\"name\":\"Die neue Wandfarbe\"}]},{\"@type\":\"WebSite\",\"@id\":\"https:\\\/\\\/www.haekelfieber.de\\\/wp-blog\\\/#website\",\"url\":\"https:\\\/\\\/www.haekelfieber.de\\\/wp-blog\\\/\",\"name\":\"H\u00e4kelfieber\",\"description\":\"Ich bin im...\",\"publisher\":{\"@id\":\"https:\\\/\\\/www.haekelfieber.de\\\/wp-blog\\\/#organization\"},\"potentialAction\":[{\"@type\":\"SearchAction\",\"target\":{\"@type\":\"EntryPoint\",\"urlTemplate\":\"https:\\\/\\\/www.haekelfieber.de\\\/wp-blog\\\/?s={search_term_string}\"},\"query-input\":{\"@type\":\"PropertyValueSpecification\",\"valueRequired\":true,\"valueName\":\"search_term_string\"}}],\"inLanguage\":\"de\"},{\"@type\":\"Organization\",\"@id\":\"https:\\\/\\\/www.haekelfieber.de\\\/wp-blog\\\/#organization\",\"name\":\"H\u00e4kelfieber\",\"url\":\"https:\\\/\\\/www.haekelfieber.de\\\/wp-blog\\\/\",\"logo\":{\"@type\":\"ImageObject\",\"inLanguage\":\"de\",\"@id\":\"https:\\\/\\\/www.haekelfieber.de\\\/wp-blog\\\/#\\\/schema\\\/logo\\\/image\\\/\",\"url\":\"https:\\\/\\\/www.haekelfieber.de\\\/wp-blog\\\/wp-content\\\/uploads\\\/2023\\\/03\\\/kissen-haekeln2.jpg\",\"contentUrl\":\"https:\\\/\\\/www.haekelfieber.de\\\/wp-blog\\\/wp-content\\\/uploads\\\/2023\\\/03\\\/kissen-haekeln2.jpg\",\"width\":683,\"height\":1024,\"caption\":\"H\u00e4kelfieber\"},\"image\":{\"@id\":\"https:\\\/\\\/www.haekelfieber.de\\\/wp-blog\\\/#\\\/schema\\\/logo\\\/image\\\/\"}},{\"@type\":\"Person\",\"@id\":\"https:\\\/\\\/www.haekelfieber.de\\\/wp-blog\\\/#\\\/schema\\\/person\\\/08b81f8e0d3480519aadc66881dee8d7\",\"name\":\"Jutta\",\"image\":{\"@type\":\"ImageObject\",\"inLanguage\":\"de\",\"@id\":\"https:\\\/\\\/secure.gravatar.com\\\/avatar\\\/4fb96a09981d3eab52fd94765c38a5395ca69a563a8cd98c172ef85375636d9d?s=96&d=mm&r=g\",\"url\":\"https:\\\/\\\/secure.gravatar.com\\\/avatar\\\/4fb96a09981d3eab52fd94765c38a5395ca69a563a8cd98c172ef85375636d9d?s=96&d=mm&r=g\",\"contentUrl\":\"https:\\\/\\\/secure.gravatar.com\\\/avatar\\\/4fb96a09981d3eab52fd94765c38a5395ca69a563a8cd98c172ef85375636d9d?s=96&d=mm&r=g\",\"caption\":\"Jutta\"},\"url\":\"https:\\\/\\\/www.haekelfieber.de\\\/wp-blog\\\/author\\\/admin\\\/\"}]}<\/script>\n<!-- \/ Yoast SEO plugin. -->","yoast_head_json":{"title":"Die neue Wandfarbe - H\u00e4kelfieber","robots":{"index":"index","follow":"follow","max-snippet":"max-snippet:-1","max-image-preview":"max-image-preview:large","max-video-preview":"max-video-preview:-1"},"canonical":"https:\/\/www.haekelfieber.de\/wp-blog\/2014\/08\/die-neue-wandfarbe\/","og_locale":"de_DE","og_type":"article","og_title":"Die neue Wandfarbe - H\u00e4kelfieber","og_description":"Neulich hab&#8216; ich mir eine, wie ich finde, sehr sch\u00f6ne Wandfarbe anmischen lassen. Mit der Absicht, mindestens noch am gleichen Tag mit dem Streichen zu beginnen. Tja, man nimmt sich was vor und garantiert kommt was dazwischen. So war&#8217;s bei mir. Also stand der Farbeimer rum und rum und rum. Oft, wenn ich an ihm &hellip; Die neue Wandfarbe weiterlesen &rarr;","og_url":"https:\/\/www.haekelfieber.de\/wp-blog\/2014\/08\/die-neue-wandfarbe\/","og_site_name":"H\u00e4kelfieber","article_published_time":"2014-08-25T19:21:54+00:00","article_modified_time":"2014-08-25T19:24:36+00:00","og_image":[{"url":"https:\/\/www.haekelfieber.de\/wp-blog\/wp-content\/uploads\/2014\/08\/2014-08-25-09.56.19-768x1024.jpg","type":"","width":"","height":""}],"author":"Jutta","twitter_misc":{"Verfasst von":"Jutta","Gesch\u00e4tzte Lesezeit":"1\u00a0Minute"},"schema":{"@context":"https:\/\/schema.org","@graph":[{"@type":"Article","@id":"https:\/\/www.haekelfieber.de\/wp-blog\/2014\/08\/die-neue-wandfarbe\/#article","isPartOf":{"@id":"https:\/\/www.haekelfieber.de\/wp-blog\/2014\/08\/die-neue-wandfarbe\/"},"author":{"name":"Jutta","@id":"https:\/\/www.haekelfieber.de\/wp-blog\/#\/schema\/person\/08b81f8e0d3480519aadc66881dee8d7"},"headline":"Die neue Wandfarbe","datePublished":"2014-08-25T19:21:54+00:00","dateModified":"2014-08-25T19:24:36+00:00","mainEntityOfPage":{"@id":"https:\/\/www.haekelfieber.de\/wp-blog\/2014\/08\/die-neue-wandfarbe\/"},"wordCount":261,"commentCount":0,"publisher":{"@id":"https:\/\/www.haekelfieber.de\/wp-blog\/#organization"},"image":{"@id":"https:\/\/www.haekelfieber.de\/wp-blog\/2014\/08\/die-neue-wandfarbe\/#primaryimage"},"thumbnailUrl":"https:\/\/www.haekelfieber.de\/wp-blog\/wp-content\/uploads\/2014\/08\/2014-08-25-09.56.19-768x1024.jpg","articleSection":["Flohmarktsch\u00e4tze","Manch anderes"],"inLanguage":"de","potentialAction":[{"@type":"CommentAction","name":"Comment","target":["https:\/\/www.haekelfieber.de\/wp-blog\/2014\/08\/die-neue-wandfarbe\/#respond"]}]},{"@type":"WebPage","@id":"https:\/\/www.haekelfieber.de\/wp-blog\/2014\/08\/die-neue-wandfarbe\/","url":"https:\/\/www.haekelfieber.de\/wp-blog\/2014\/08\/die-neue-wandfarbe\/","name":"Die neue Wandfarbe - H\u00e4kelfieber","isPartOf":{"@id":"https:\/\/www.haekelfieber.de\/wp-blog\/#website"},"primaryImageOfPage":{"@id":"https:\/\/www.haekelfieber.de\/wp-blog\/2014\/08\/die-neue-wandfarbe\/#primaryimage"},"image":{"@id":"https:\/\/www.haekelfieber.de\/wp-blog\/2014\/08\/die-neue-wandfarbe\/#primaryimage"},"thumbnailUrl":"https:\/\/www.haekelfieber.de\/wp-blog\/wp-content\/uploads\/2014\/08\/2014-08-25-09.56.19-768x1024.jpg","datePublished":"2014-08-25T19:21:54+00:00","dateModified":"2014-08-25T19:24:36+00:00","breadcrumb":{"@id":"https:\/\/www.haekelfieber.de\/wp-blog\/2014\/08\/die-neue-wandfarbe\/#breadcrumb"},"inLanguage":"de","potentialAction":[{"@type":"ReadAction","target":["https:\/\/www.haekelfieber.de\/wp-blog\/2014\/08\/die-neue-wandfarbe\/"]}]},{"@type":"ImageObject","inLanguage":"de","@id":"https:\/\/www.haekelfieber.de\/wp-blog\/2014\/08\/die-neue-wandfarbe\/#primaryimage","url":"https:\/\/www.haekelfieber.de\/wp-blog\/wp-content\/uploads\/2014\/08\/2014-08-25-09.56.19.jpg","contentUrl":"https:\/\/www.haekelfieber.de\/wp-blog\/wp-content\/uploads\/2014\/08\/2014-08-25-09.56.19.jpg","width":1200,"height":1600},{"@type":"BreadcrumbList","@id":"https:\/\/www.haekelfieber.de\/wp-blog\/2014\/08\/die-neue-wandfarbe\/#breadcrumb","itemListElement":[{"@type":"ListItem","position":1,"name":"Home","item":"https:\/\/www.haekelfieber.de\/wp-blog\/"},{"@type":"ListItem","position":2,"name":"Die neue Wandfarbe"}]},{"@type":"WebSite","@id":"https:\/\/www.haekelfieber.de\/wp-blog\/#website","url":"https:\/\/www.haekelfieber.de\/wp-blog\/","name":"H\u00e4kelfieber","description":"Ich bin im...","publisher":{"@id":"https:\/\/www.haekelfieber.de\/wp-blog\/#organization"},"potentialAction":[{"@type":"SearchAction","target":{"@type":"EntryPoint","urlTemplate":"https:\/\/www.haekelfieber.de\/wp-blog\/?s={search_term_string}"},"query-input":{"@type":"PropertyValueSpecification","valueRequired":true,"valueName":"search_term_string"}}],"inLanguage":"de"},{"@type":"Organization","@id":"https:\/\/www.haekelfieber.de\/wp-blog\/#organization","name":"H\u00e4kelfieber","url":"https:\/\/www.haekelfieber.de\/wp-blog\/","logo":{"@type":"ImageObject","inLanguage":"de","@id":"https:\/\/www.haekelfieber.de\/wp-blog\/#\/schema\/logo\/image\/","url":"https:\/\/www.haekelfieber.de\/wp-blog\/wp-content\/uploads\/2023\/03\/kissen-haekeln2.jpg","contentUrl":"https:\/\/www.haekelfieber.de\/wp-blog\/wp-content\/uploads\/2023\/03\/kissen-haekeln2.jpg","width":683,"height":1024,"caption":"H\u00e4kelfieber"},"image":{"@id":"https:\/\/www.haekelfieber.de\/wp-blog\/#\/schema\/logo\/image\/"}},{"@type":"Person","@id":"https:\/\/www.haekelfieber.de\/wp-blog\/#\/schema\/person\/08b81f8e0d3480519aadc66881dee8d7","name":"Jutta","image":{"@type":"ImageObject","inLanguage":"de","@id":"https:\/\/secure.gravatar.com\/avatar\/4fb96a09981d3eab52fd94765c38a5395ca69a563a8cd98c172ef85375636d9d?s=96&d=mm&r=g","url":"https:\/\/secure.gravatar.com\/avatar\/4fb96a09981d3eab52fd94765c38a5395ca69a563a8cd98c172ef85375636d9d?s=96&d=mm&r=g","contentUrl":"https:\/\/secure.gravatar.com\/avatar\/4fb96a09981d3eab52fd94765c38a5395ca69a563a8cd98c172ef85375636d9d?s=96&d=mm&r=g","caption":"Jutta"},"url":"https:\/\/www.haekelfieber.de\/wp-blog\/author\/admin\/"}]}},"_links":{"self":[{"href":"https:\/\/www.haekelfieber.de\/wp-blog\/wp-json\/wp\/v2\/posts\/965","targetHints":{"allow":["GET"]}}],"collection":[{"href":"https:\/\/www.haekelfieber.de\/wp-blog\/wp-json\/wp\/v2\/posts"}],"about":[{"href":"https:\/\/www.haekelfieber.de\/wp-blog\/wp-json\/wp\/v2\/types\/post"}],"author":[{"embeddable":true,"href":"https:\/\/www.haekelfieber.de\/wp-blog\/wp-json\/wp\/v2\/users\/1"}],"replies":[{"embeddable":true,"href":"https:\/\/www.haekelfieber.de\/wp-blog\/wp-json\/wp\/v2\/comments?post=965"}],"version-history":[{"count":2,"href":"https:\/\/www.haekelfieber.de\/wp-blog\/wp-json\/wp\/v2\/posts\/965\/revisions"}],"predecessor-version":[{"id":967,"href":"https:\/\/www.haekelfieber.de\/wp-blog\/wp-json\/wp\/v2\/posts\/965\/revisions\/967"}],"wp:attachment":[{"href":"https:\/\/www.haekelfieber.de\/wp-blog\/wp-json\/wp\/v2\/media?parent=965"}],"wp:term":[{"taxonomy":"category","embeddable":true,"href":"https:\/\/www.haekelfieber.de\/wp-blog\/wp-json\/wp\/v2\/categories?post=965"},{"taxonomy":"post_tag","embeddable":true,"href":"https:\/\/www.haekelfieber.de\/wp-blog\/wp-json\/wp\/v2\/tags?post=965"}],"curies":[{"name":"wp","href":"https:\/\/api.w.org\/{rel}","templated":true}]}}