{"id":9899,"date":"2019-12-28T17:46:28","date_gmt":"2019-12-28T16:46:28","guid":{"rendered":"https:\/\/www.haekelfieber.de\/wp-blog\/?p=9899"},"modified":"2019-12-28T17:46:32","modified_gmt":"2019-12-28T16:46:32","slug":"crochet-cardigan-oder-haekelweste","status":"publish","type":"post","link":"https:\/\/www.haekelfieber.de\/wp-blog\/2019\/12\/crochet-cardigan-oder-haekelweste\/","title":{"rendered":"crochet cardigan oder H\u00e4kelweste"},"content":{"rendered":"\n<p>Jetzt habe ich bereits zwei Beitragsanf\u00e4nge gel\u00f6scht.\u00a0 Jetzt ist aber gut. Dann muss es eben holpern. Oder auch nicht. Also. \u00dcber die Feiertage ist mir ein kuscheliges, w\u00e4rmendes Kleidungsst\u00fcck von der H\u00e4kelnadel gesprungen. Vom langen H\u00e4kelnadelschwingen hab ich mir fast einen Verspannungstinitus ans Ohr gearbeitet \ud83d\ude09\u00a0 Haltungsnote: beschis&#8230; Zu hell sollte es ja nicht sein, damit der Christbaum noch seine Wirkung erzielen konnte, lichttechnisch gesehen. Im Halbdunkel vor mich hin gewerkelt. Tja. &#8222;Herr, schmei\u00df Hirn vom Himmel f\u00fcr mich&#8220;. Laufe wie Quasimodo mit meiner neuen Weste durch die Gegend. Scherz. <br \/>Gleich heute bin ich losgezogen um der Feiertagsenge in den h\u00e4uslichen vier W\u00e4nden zu entkommen. Im Wollladen war es eng aber ein Gef\u00fchl von siebten Himmel hat sich meiner bem\u00e4chtigt, in den unendlichen Wollweiten. Gleich mal Sockenwolle f\u00fcr meine zuk\u00fcnftige neue Weste erworben. Ich trau mich was. D\u00fcnne Wolle und Weste. Sehe schon, an Beitr\u00e4gen wird es mir demn\u00e4chst nicht mangeln. <br \/>Westentechnisches: <br \/>So ein Teil ist idiotensicher zu H\u00e4keln. Deswegen bin ich auch so begeistert. <br \/>Wenn ihr folgende Stichw\u00f6rter auf Youtube eingebt, dann findet ihr Anleitungen daf\u00fcr: &#8222;oversized pocket crochet cardigen&#8220; und &#8222;crochet the everyday cardigan sweater&#8220;<\/p>\n\n\n\n<figure class=\"wp-block-image size-full\"><img loading=\"lazy\" decoding=\"async\" width=\"960\" height=\"1439\" src=\"https:\/\/www.haekelfieber.de\/wp-blog\/wp-content\/uploads\/2019\/12\/Weste-ha\u0308keln-4.jpg\" alt=\"\" class=\"wp-image-9897\" srcset=\"https:\/\/www.haekelfieber.de\/wp-blog\/wp-content\/uploads\/2019\/12\/Weste-ha\u0308keln-4.jpg 960w, https:\/\/www.haekelfieber.de\/wp-blog\/wp-content\/uploads\/2019\/12\/Weste-ha\u0308keln-4-200x300.jpg 200w, https:\/\/www.haekelfieber.de\/wp-blog\/wp-content\/uploads\/2019\/12\/Weste-ha\u0308keln-4-400x600.jpg 400w, https:\/\/www.haekelfieber.de\/wp-blog\/wp-content\/uploads\/2019\/12\/Weste-ha\u0308keln-4-768x1151.jpg 768w\" sizes=\"auto, (max-width: 960px) 100vw, 960px\" \/><figcaption><br><br><\/figcaption><\/figure>\n\n\n\n<figure class=\"wp-block-image size-full\"><img loading=\"lazy\" decoding=\"async\" width=\"960\" height=\"1439\" src=\"https:\/\/www.haekelfieber.de\/wp-blog\/wp-content\/uploads\/2019\/12\/weste-ha\u0308keln-1.jpg\" alt=\"\" class=\"wp-image-9898\" srcset=\"https:\/\/www.haekelfieber.de\/wp-blog\/wp-content\/uploads\/2019\/12\/weste-ha\u0308keln-1.jpg 960w, https:\/\/www.haekelfieber.de\/wp-blog\/wp-content\/uploads\/2019\/12\/weste-ha\u0308keln-1-200x300.jpg 200w, https:\/\/www.haekelfieber.de\/wp-blog\/wp-content\/uploads\/2019\/12\/weste-ha\u0308keln-1-400x600.jpg 400w, https:\/\/www.haekelfieber.de\/wp-blog\/wp-content\/uploads\/2019\/12\/weste-ha\u0308keln-1-768x1151.jpg 768w\" sizes=\"auto, (max-width: 960px) 100vw, 960px\" \/><figcaption><br><br><\/figcaption><\/figure>\n\n\n\n<figure class=\"wp-block-image size-full\"><img loading=\"lazy\" decoding=\"async\" width=\"960\" height=\"1439\" src=\"https:\/\/www.haekelfieber.de\/wp-blog\/wp-content\/uploads\/2019\/12\/Weste-ha\u0308ken-2.jpg\" alt=\"\" class=\"wp-image-9896\" srcset=\"https:\/\/www.haekelfieber.de\/wp-blog\/wp-content\/uploads\/2019\/12\/Weste-ha\u0308ken-2.jpg 960w, https:\/\/www.haekelfieber.de\/wp-blog\/wp-content\/uploads\/2019\/12\/Weste-ha\u0308ken-2-200x300.jpg 200w, https:\/\/www.haekelfieber.de\/wp-blog\/wp-content\/uploads\/2019\/12\/Weste-ha\u0308ken-2-400x600.jpg 400w, https:\/\/www.haekelfieber.de\/wp-blog\/wp-content\/uploads\/2019\/12\/Weste-ha\u0308ken-2-768x1151.jpg 768w\" sizes=\"auto, (max-width: 960px) 100vw, 960px\" \/><figcaption><br><br><\/figcaption><\/figure>\n\n\n\n<figure class=\"wp-block-image size-full\"><img loading=\"lazy\" decoding=\"async\" width=\"960\" height=\"1439\" src=\"https:\/\/www.haekelfieber.de\/wp-blog\/wp-content\/uploads\/2019\/12\/weste-ha\u0308ken-3.jpg\" alt=\"\" class=\"wp-image-9895\" srcset=\"https:\/\/www.haekelfieber.de\/wp-blog\/wp-content\/uploads\/2019\/12\/weste-ha\u0308ken-3.jpg 960w, https:\/\/www.haekelfieber.de\/wp-blog\/wp-content\/uploads\/2019\/12\/weste-ha\u0308ken-3-200x300.jpg 200w, https:\/\/www.haekelfieber.de\/wp-blog\/wp-content\/uploads\/2019\/12\/weste-ha\u0308ken-3-400x600.jpg 400w, https:\/\/www.haekelfieber.de\/wp-blog\/wp-content\/uploads\/2019\/12\/weste-ha\u0308ken-3-768x1151.jpg 768w\" sizes=\"auto, (max-width: 960px) 100vw, 960px\" \/><\/figure>\n\n\n","protected":false},"excerpt":{"rendered":"<p>Jetzt habe ich bereits zwei Beitragsanf\u00e4nge gel\u00f6scht.\u00a0 Jetzt ist aber gut. Dann muss es eben holpern. Oder auch nicht. Also. \u00dcber die Feiertage ist mir ein kuscheliges, w\u00e4rmendes Kleidungsst\u00fcck von der H\u00e4kelnadel gesprungen. Vom langen H\u00e4kelnadelschwingen hab ich mir fast einen Verspannungstinitus ans Ohr gearbeitet \ud83d\ude09\u00a0 Haltungsnote: beschis&#8230; Zu hell sollte es ja nicht sein, &hellip; <a href=\"https:\/\/www.haekelfieber.de\/wp-blog\/2019\/12\/crochet-cardigan-oder-haekelweste\/\" class=\"more-link\"><span class=\"screen-reader-text\">crochet cardigan oder H\u00e4kelweste<\/span> weiterlesen <span class=\"meta-nav\">&rarr;<\/span><\/a><\/p>\n","protected":false},"author":1,"featured_media":0,"comment_status":"open","ping_status":"open","sticky":false,"template":"","format":"standard","meta":{"footnotes":""},"categories":[5],"tags":[],"class_list":["post-9899","post","type-post","status-publish","format-standard","hentry","category-haekeln"],"yoast_head":"<!-- This site is optimized with the Yoast SEO plugin v27.5 - https:\/\/yoast.com\/product\/yoast-seo-wordpress\/ -->\n<title>crochet cardigan oder H\u00e4kelweste - H\u00e4kelfieber<\/title>\n<meta name=\"robots\" content=\"index, follow, max-snippet:-1, max-image-preview:large, max-video-preview:-1\" \/>\n<link rel=\"canonical\" href=\"https:\/\/www.haekelfieber.de\/wp-blog\/2019\/12\/crochet-cardigan-oder-haekelweste\/\" \/>\n<meta property=\"og:locale\" content=\"de_DE\" \/>\n<meta property=\"og:type\" content=\"article\" \/>\n<meta property=\"og:title\" content=\"crochet cardigan oder H\u00e4kelweste - H\u00e4kelfieber\" \/>\n<meta property=\"og:description\" content=\"Jetzt habe ich bereits zwei Beitragsanf\u00e4nge gel\u00f6scht.\u00a0 Jetzt ist aber gut. Dann muss es eben holpern. Oder auch nicht. Also. \u00dcber die Feiertage ist mir ein kuscheliges, w\u00e4rmendes Kleidungsst\u00fcck von der H\u00e4kelnadel gesprungen. Vom langen H\u00e4kelnadelschwingen hab ich mir fast einen Verspannungstinitus ans Ohr gearbeitet \ud83d\ude09\u00a0 Haltungsnote: beschis&#8230; Zu hell sollte es ja nicht sein, &hellip; crochet cardigan oder H\u00e4kelweste weiterlesen &rarr;\" \/>\n<meta property=\"og:url\" content=\"https:\/\/www.haekelfieber.de\/wp-blog\/2019\/12\/crochet-cardigan-oder-haekelweste\/\" \/>\n<meta property=\"og:site_name\" content=\"H\u00e4kelfieber\" \/>\n<meta property=\"article:published_time\" content=\"2019-12-28T16:46:28+00:00\" \/>\n<meta property=\"article:modified_time\" content=\"2019-12-28T16:46:32+00:00\" \/>\n<meta property=\"og:image\" content=\"https:\/\/www.haekelfieber.de\/wp-blog\/wp-content\/uploads\/2019\/12\/Weste-ha\u0308keln-4.jpg\" \/>\n<meta name=\"author\" content=\"Jutta\" \/>\n<meta name=\"twitter:label1\" content=\"Verfasst von\" \/>\n\t<meta name=\"twitter:data1\" content=\"Jutta\" \/>\n\t<meta name=\"twitter:label2\" content=\"Gesch\u00e4tzte Lesezeit\" \/>\n\t<meta name=\"twitter:data2\" content=\"1\u00a0Minute\" \/>\n<script type=\"application\/ld+json\" class=\"yoast-schema-graph\">{\"@context\":\"https:\\\/\\\/schema.org\",\"@graph\":[{\"@type\":\"Article\",\"@id\":\"https:\\\/\\\/www.haekelfieber.de\\\/wp-blog\\\/2019\\\/12\\\/crochet-cardigan-oder-haekelweste\\\/#article\",\"isPartOf\":{\"@id\":\"https:\\\/\\\/www.haekelfieber.de\\\/wp-blog\\\/2019\\\/12\\\/crochet-cardigan-oder-haekelweste\\\/\"},\"author\":{\"name\":\"Jutta\",\"@id\":\"https:\\\/\\\/www.haekelfieber.de\\\/wp-blog\\\/#\\\/schema\\\/person\\\/08b81f8e0d3480519aadc66881dee8d7\"},\"headline\":\"crochet cardigan oder H\u00e4kelweste\",\"datePublished\":\"2019-12-28T16:46:28+00:00\",\"dateModified\":\"2019-12-28T16:46:32+00:00\",\"mainEntityOfPage\":{\"@id\":\"https:\\\/\\\/www.haekelfieber.de\\\/wp-blog\\\/2019\\\/12\\\/crochet-cardigan-oder-haekelweste\\\/\"},\"wordCount\":210,\"commentCount\":12,\"publisher\":{\"@id\":\"https:\\\/\\\/www.haekelfieber.de\\\/wp-blog\\\/#organization\"},\"articleSection\":[\"H\u00e4keln\"],\"inLanguage\":\"de\",\"potentialAction\":[{\"@type\":\"CommentAction\",\"name\":\"Comment\",\"target\":[\"https:\\\/\\\/www.haekelfieber.de\\\/wp-blog\\\/2019\\\/12\\\/crochet-cardigan-oder-haekelweste\\\/#respond\"]}]},{\"@type\":\"WebPage\",\"@id\":\"https:\\\/\\\/www.haekelfieber.de\\\/wp-blog\\\/2019\\\/12\\\/crochet-cardigan-oder-haekelweste\\\/\",\"url\":\"https:\\\/\\\/www.haekelfieber.de\\\/wp-blog\\\/2019\\\/12\\\/crochet-cardigan-oder-haekelweste\\\/\",\"name\":\"crochet cardigan oder H\u00e4kelweste - H\u00e4kelfieber\",\"isPartOf\":{\"@id\":\"https:\\\/\\\/www.haekelfieber.de\\\/wp-blog\\\/#website\"},\"datePublished\":\"2019-12-28T16:46:28+00:00\",\"dateModified\":\"2019-12-28T16:46:32+00:00\",\"breadcrumb\":{\"@id\":\"https:\\\/\\\/www.haekelfieber.de\\\/wp-blog\\\/2019\\\/12\\\/crochet-cardigan-oder-haekelweste\\\/#breadcrumb\"},\"inLanguage\":\"de\",\"potentialAction\":[{\"@type\":\"ReadAction\",\"target\":[\"https:\\\/\\\/www.haekelfieber.de\\\/wp-blog\\\/2019\\\/12\\\/crochet-cardigan-oder-haekelweste\\\/\"]}]},{\"@type\":\"BreadcrumbList\",\"@id\":\"https:\\\/\\\/www.haekelfieber.de\\\/wp-blog\\\/2019\\\/12\\\/crochet-cardigan-oder-haekelweste\\\/#breadcrumb\",\"itemListElement\":[{\"@type\":\"ListItem\",\"position\":1,\"name\":\"Home\",\"item\":\"https:\\\/\\\/www.haekelfieber.de\\\/wp-blog\\\/\"},{\"@type\":\"ListItem\",\"position\":2,\"name\":\"crochet cardigan oder H\u00e4kelweste\"}]},{\"@type\":\"WebSite\",\"@id\":\"https:\\\/\\\/www.haekelfieber.de\\\/wp-blog\\\/#website\",\"url\":\"https:\\\/\\\/www.haekelfieber.de\\\/wp-blog\\\/\",\"name\":\"H\u00e4kelfieber\",\"description\":\"Ich bin im...\",\"publisher\":{\"@id\":\"https:\\\/\\\/www.haekelfieber.de\\\/wp-blog\\\/#organization\"},\"potentialAction\":[{\"@type\":\"SearchAction\",\"target\":{\"@type\":\"EntryPoint\",\"urlTemplate\":\"https:\\\/\\\/www.haekelfieber.de\\\/wp-blog\\\/?s={search_term_string}\"},\"query-input\":{\"@type\":\"PropertyValueSpecification\",\"valueRequired\":true,\"valueName\":\"search_term_string\"}}],\"inLanguage\":\"de\"},{\"@type\":\"Organization\",\"@id\":\"https:\\\/\\\/www.haekelfieber.de\\\/wp-blog\\\/#organization\",\"name\":\"H\u00e4kelfieber\",\"url\":\"https:\\\/\\\/www.haekelfieber.de\\\/wp-blog\\\/\",\"logo\":{\"@type\":\"ImageObject\",\"inLanguage\":\"de\",\"@id\":\"https:\\\/\\\/www.haekelfieber.de\\\/wp-blog\\\/#\\\/schema\\\/logo\\\/image\\\/\",\"url\":\"https:\\\/\\\/www.haekelfieber.de\\\/wp-blog\\\/wp-content\\\/uploads\\\/2023\\\/03\\\/kissen-haekeln2.jpg\",\"contentUrl\":\"https:\\\/\\\/www.haekelfieber.de\\\/wp-blog\\\/wp-content\\\/uploads\\\/2023\\\/03\\\/kissen-haekeln2.jpg\",\"width\":683,\"height\":1024,\"caption\":\"H\u00e4kelfieber\"},\"image\":{\"@id\":\"https:\\\/\\\/www.haekelfieber.de\\\/wp-blog\\\/#\\\/schema\\\/logo\\\/image\\\/\"}},{\"@type\":\"Person\",\"@id\":\"https:\\\/\\\/www.haekelfieber.de\\\/wp-blog\\\/#\\\/schema\\\/person\\\/08b81f8e0d3480519aadc66881dee8d7\",\"name\":\"Jutta\",\"image\":{\"@type\":\"ImageObject\",\"inLanguage\":\"de\",\"@id\":\"https:\\\/\\\/secure.gravatar.com\\\/avatar\\\/4fb96a09981d3eab52fd94765c38a5395ca69a563a8cd98c172ef85375636d9d?s=96&d=mm&r=g\",\"url\":\"https:\\\/\\\/secure.gravatar.com\\\/avatar\\\/4fb96a09981d3eab52fd94765c38a5395ca69a563a8cd98c172ef85375636d9d?s=96&d=mm&r=g\",\"contentUrl\":\"https:\\\/\\\/secure.gravatar.com\\\/avatar\\\/4fb96a09981d3eab52fd94765c38a5395ca69a563a8cd98c172ef85375636d9d?s=96&d=mm&r=g\",\"caption\":\"Jutta\"},\"url\":\"https:\\\/\\\/www.haekelfieber.de\\\/wp-blog\\\/author\\\/admin\\\/\"}]}<\/script>\n<!-- \/ Yoast SEO plugin. -->","yoast_head_json":{"title":"crochet cardigan oder H\u00e4kelweste - H\u00e4kelfieber","robots":{"index":"index","follow":"follow","max-snippet":"max-snippet:-1","max-image-preview":"max-image-preview:large","max-video-preview":"max-video-preview:-1"},"canonical":"https:\/\/www.haekelfieber.de\/wp-blog\/2019\/12\/crochet-cardigan-oder-haekelweste\/","og_locale":"de_DE","og_type":"article","og_title":"crochet cardigan oder H\u00e4kelweste - H\u00e4kelfieber","og_description":"Jetzt habe ich bereits zwei Beitragsanf\u00e4nge gel\u00f6scht.\u00a0 Jetzt ist aber gut. Dann muss es eben holpern. Oder auch nicht. Also. \u00dcber die Feiertage ist mir ein kuscheliges, w\u00e4rmendes Kleidungsst\u00fcck von der H\u00e4kelnadel gesprungen. Vom langen H\u00e4kelnadelschwingen hab ich mir fast einen Verspannungstinitus ans Ohr gearbeitet \ud83d\ude09\u00a0 Haltungsnote: beschis&#8230; Zu hell sollte es ja nicht sein, &hellip; crochet cardigan oder H\u00e4kelweste weiterlesen &rarr;","og_url":"https:\/\/www.haekelfieber.de\/wp-blog\/2019\/12\/crochet-cardigan-oder-haekelweste\/","og_site_name":"H\u00e4kelfieber","article_published_time":"2019-12-28T16:46:28+00:00","article_modified_time":"2019-12-28T16:46:32+00:00","og_image":[{"url":"https:\/\/www.haekelfieber.de\/wp-blog\/wp-content\/uploads\/2019\/12\/Weste-ha\u0308keln-4.jpg","type":"","width":"","height":""}],"author":"Jutta","twitter_misc":{"Verfasst von":"Jutta","Gesch\u00e4tzte Lesezeit":"1\u00a0Minute"},"schema":{"@context":"https:\/\/schema.org","@graph":[{"@type":"Article","@id":"https:\/\/www.haekelfieber.de\/wp-blog\/2019\/12\/crochet-cardigan-oder-haekelweste\/#article","isPartOf":{"@id":"https:\/\/www.haekelfieber.de\/wp-blog\/2019\/12\/crochet-cardigan-oder-haekelweste\/"},"author":{"name":"Jutta","@id":"https:\/\/www.haekelfieber.de\/wp-blog\/#\/schema\/person\/08b81f8e0d3480519aadc66881dee8d7"},"headline":"crochet cardigan oder H\u00e4kelweste","datePublished":"2019-12-28T16:46:28+00:00","dateModified":"2019-12-28T16:46:32+00:00","mainEntityOfPage":{"@id":"https:\/\/www.haekelfieber.de\/wp-blog\/2019\/12\/crochet-cardigan-oder-haekelweste\/"},"wordCount":210,"commentCount":12,"publisher":{"@id":"https:\/\/www.haekelfieber.de\/wp-blog\/#organization"},"articleSection":["H\u00e4keln"],"inLanguage":"de","potentialAction":[{"@type":"CommentAction","name":"Comment","target":["https:\/\/www.haekelfieber.de\/wp-blog\/2019\/12\/crochet-cardigan-oder-haekelweste\/#respond"]}]},{"@type":"WebPage","@id":"https:\/\/www.haekelfieber.de\/wp-blog\/2019\/12\/crochet-cardigan-oder-haekelweste\/","url":"https:\/\/www.haekelfieber.de\/wp-blog\/2019\/12\/crochet-cardigan-oder-haekelweste\/","name":"crochet cardigan oder H\u00e4kelweste - H\u00e4kelfieber","isPartOf":{"@id":"https:\/\/www.haekelfieber.de\/wp-blog\/#website"},"datePublished":"2019-12-28T16:46:28+00:00","dateModified":"2019-12-28T16:46:32+00:00","breadcrumb":{"@id":"https:\/\/www.haekelfieber.de\/wp-blog\/2019\/12\/crochet-cardigan-oder-haekelweste\/#breadcrumb"},"inLanguage":"de","potentialAction":[{"@type":"ReadAction","target":["https:\/\/www.haekelfieber.de\/wp-blog\/2019\/12\/crochet-cardigan-oder-haekelweste\/"]}]},{"@type":"BreadcrumbList","@id":"https:\/\/www.haekelfieber.de\/wp-blog\/2019\/12\/crochet-cardigan-oder-haekelweste\/#breadcrumb","itemListElement":[{"@type":"ListItem","position":1,"name":"Home","item":"https:\/\/www.haekelfieber.de\/wp-blog\/"},{"@type":"ListItem","position":2,"name":"crochet cardigan oder H\u00e4kelweste"}]},{"@type":"WebSite","@id":"https:\/\/www.haekelfieber.de\/wp-blog\/#website","url":"https:\/\/www.haekelfieber.de\/wp-blog\/","name":"H\u00e4kelfieber","description":"Ich bin im...","publisher":{"@id":"https:\/\/www.haekelfieber.de\/wp-blog\/#organization"},"potentialAction":[{"@type":"SearchAction","target":{"@type":"EntryPoint","urlTemplate":"https:\/\/www.haekelfieber.de\/wp-blog\/?s={search_term_string}"},"query-input":{"@type":"PropertyValueSpecification","valueRequired":true,"valueName":"search_term_string"}}],"inLanguage":"de"},{"@type":"Organization","@id":"https:\/\/www.haekelfieber.de\/wp-blog\/#organization","name":"H\u00e4kelfieber","url":"https:\/\/www.haekelfieber.de\/wp-blog\/","logo":{"@type":"ImageObject","inLanguage":"de","@id":"https:\/\/www.haekelfieber.de\/wp-blog\/#\/schema\/logo\/image\/","url":"https:\/\/www.haekelfieber.de\/wp-blog\/wp-content\/uploads\/2023\/03\/kissen-haekeln2.jpg","contentUrl":"https:\/\/www.haekelfieber.de\/wp-blog\/wp-content\/uploads\/2023\/03\/kissen-haekeln2.jpg","width":683,"height":1024,"caption":"H\u00e4kelfieber"},"image":{"@id":"https:\/\/www.haekelfieber.de\/wp-blog\/#\/schema\/logo\/image\/"}},{"@type":"Person","@id":"https:\/\/www.haekelfieber.de\/wp-blog\/#\/schema\/person\/08b81f8e0d3480519aadc66881dee8d7","name":"Jutta","image":{"@type":"ImageObject","inLanguage":"de","@id":"https:\/\/secure.gravatar.com\/avatar\/4fb96a09981d3eab52fd94765c38a5395ca69a563a8cd98c172ef85375636d9d?s=96&d=mm&r=g","url":"https:\/\/secure.gravatar.com\/avatar\/4fb96a09981d3eab52fd94765c38a5395ca69a563a8cd98c172ef85375636d9d?s=96&d=mm&r=g","contentUrl":"https:\/\/secure.gravatar.com\/avatar\/4fb96a09981d3eab52fd94765c38a5395ca69a563a8cd98c172ef85375636d9d?s=96&d=mm&r=g","caption":"Jutta"},"url":"https:\/\/www.haekelfieber.de\/wp-blog\/author\/admin\/"}]}},"_links":{"self":[{"href":"https:\/\/www.haekelfieber.de\/wp-blog\/wp-json\/wp\/v2\/posts\/9899","targetHints":{"allow":["GET"]}}],"collection":[{"href":"https:\/\/www.haekelfieber.de\/wp-blog\/wp-json\/wp\/v2\/posts"}],"about":[{"href":"https:\/\/www.haekelfieber.de\/wp-blog\/wp-json\/wp\/v2\/types\/post"}],"author":[{"embeddable":true,"href":"https:\/\/www.haekelfieber.de\/wp-blog\/wp-json\/wp\/v2\/users\/1"}],"replies":[{"embeddable":true,"href":"https:\/\/www.haekelfieber.de\/wp-blog\/wp-json\/wp\/v2\/comments?post=9899"}],"version-history":[{"count":1,"href":"https:\/\/www.haekelfieber.de\/wp-blog\/wp-json\/wp\/v2\/posts\/9899\/revisions"}],"predecessor-version":[{"id":9900,"href":"https:\/\/www.haekelfieber.de\/wp-blog\/wp-json\/wp\/v2\/posts\/9899\/revisions\/9900"}],"wp:attachment":[{"href":"https:\/\/www.haekelfieber.de\/wp-blog\/wp-json\/wp\/v2\/media?parent=9899"}],"wp:term":[{"taxonomy":"category","embeddable":true,"href":"https:\/\/www.haekelfieber.de\/wp-blog\/wp-json\/wp\/v2\/categories?post=9899"},{"taxonomy":"post_tag","embeddable":true,"href":"https:\/\/www.haekelfieber.de\/wp-blog\/wp-json\/wp\/v2\/tags?post=9899"}],"curies":[{"name":"wp","href":"https:\/\/api.w.org\/{rel}","templated":true}]}}